{"id":27683,"date":"2023-07-24T08:27:31","date_gmt":"2023-07-24T08:27:31","guid":{"rendered":"http:\/\/www.opb.gob.mx\/portal\/?p=27683"},"modified":"2023-07-24T16:29:54","modified_gmt":"2023-07-24T16:29:54","slug":"yensunni-martinez-reitera-apoyo-a-iniciativas-de-la-ciudadania-para-fomento-al-deporte-y-la-prosperidad-economica","status":"publish","type":"post","link":"https:\/\/www.opb.gob.mx\/portal\/?p=27683","title":{"rendered":"YENSUNNI MART\u00cdNEZ REITERA APOYO A INICIATIVAS DE LA CIUDADAN\u00cdA PARA FOMENTO AL DEPORTE Y LA PROSPERIDAD ECON\u00d3MICA"},"content":{"rendered":"\t\t<div data-elementor-type=\"wp-post\" data-elementor-id=\"27683\" class=\"elementor elementor-27683\" data-elementor-settings=\"[]\">\n\t\t\t\t\t\t<div class=\"elementor-inner\">\n\t\t\t\t\t\t\t<div class=\"elementor-section-wrap\">\n\t\t\t\t\t\t\t<section class=\"elementor-section elementor-top-section elementor-element elementor-element-5ff624e elementor-section-boxed elementor-section-height-default elementor-section-height-default\" data-id=\"5ff624e\" data-element_type=\"section\">\n\t\t\t\t\t\t<div class=\"elementor-container elementor-column-gap-default\">\n\t\t\t\t\t\t\t<div class=\"elementor-row\">\n\t\t\t\t\t<div class=\"elementor-column elementor-col-100 elementor-top-column elementor-element elementor-element-42680c9\" data-id=\"42680c9\" data-element_type=\"column\">\n\t\t\t<div class=\"elementor-column-wrap elementor-element-populated\">\n\t\t\t\t\t\t\t<div class=\"elementor-widget-wrap\">\n\t\t\t\t\t\t<div class=\"elementor-element elementor-element-894fef3 elementor-widget elementor-widget-text-editor\" data-id=\"894fef3\" data-element_type=\"widget\" data-widget_type=\"text-editor.default\">\n\t\t\t\t<div class=\"elementor-widget-container\">\n\t\t\t\t\t<div class=\"elementor-text-editor elementor-clearfix\"><p>Chetumal, Q. Roo a 24 de julio.- \u201cDeseo que el esfuerzo que han estado realizando todos estos d\u00edas, semanas, hoy rinda los frutos esperados. Bienvenidos a todas y todos\u201d, dijo la presidenta municipal de Oth\u00f3n P. Blanco, Yensunni Mart\u00ednez Hern\u00e1ndez, durante el disparo de salida de la carrera pedestre \u201c21K\u201d que por segundo a\u00f1o consecutivo fue de gran atractivo para deportistas locales, nacionales, e internacionales y sum\u00f3 m\u00e1s de mil participantes en distancias de 5, 10, y 21 kil\u00f3metros en diversas categor\u00edas.<\/p><p>Como parte de cumplir con el primer eje prioritario de la presente administraci\u00f3n municipal, la edil othonense reiter\u00f3 el compromiso de impulsar la prosperidad econ\u00f3mica ya que la competencia representa un atractivo de turismo deportivo que genera una importante derrama econ\u00f3mica para el sector de servicios en la ciudad capital, adem\u00e1s de fomentar la sana convivencia familiar a trav\u00e9s del deporte.<\/p><p>Y es que en cifras, la carrera \u201c21K\u201d organizada por la ciudadan\u00eda que ama este deporte, con el apoyo de empresarios y autoridades estatales y municipales, cont\u00f3 con la participaci\u00f3n de aproximada de mil deportistas con punto de partida frente a palacio de gobierno del estado de Quintana Roo hasta el Centro de Convenciones de Chetumal, a dos vuelta para los 21 kil\u00f3metros; y en el mismo trazo en el Boulevard Bah\u00eda, las subdivisiones para las distancias de 5 y 10 kil\u00f3metros, este reciente domingo por la ma\u00f1ana.<\/p><p>En total, participaron deportistas de ocho pa\u00edses como el ganador absoluto, el keniano Wilfred Nyatogo; as\u00ed como atletas de 18 estados del pa\u00eds, como la ganadora absoluta de la catgor\u00eda femenil, Argentina Valdepe\u00f1as Cerna del Estado de M\u00e9xico, fondista mexicana quien vino a Chetumal como parte de su preparaci\u00f3n en busca de clasificar a los \u201cJuegos Ol\u00edmpicos de Par\u00eds 2024\u201d cuyo ciclo anual de entrenamiento pr\u00e1cticamente empez\u00f3 este domingo ya que la justa ol\u00edmpica inicia el viernes 26 de julio del pr\u00f3ximo a\u00f1o.<\/p><p>Cabe mencionar que la presidenta Yensunni Mart\u00ednez particip\u00f3 tambi\u00e9n por segundo a\u00f1o consecutivo en la distancia de cinco kil\u00f3metros y expres\u00f3 que sin duda, la carrera \u201c21K\u201d es la mejor de Quintana Roo; y la presente edici\u00f3n, super\u00f3 en participantes y mejores tiempos en las distancias recorridas.<\/p><p>Al evento, asistieron, en representaci\u00f3n de la gobernadora del Estado de Quintana Roo, Mara Lezama Espinosa; el presidente de la Comisi\u00f3n de la Juventud y el Deporte (COJUDEQ), Erick Arcila Arjona; la titular de la secretar\u00eda de desarrollo econ\u00f3mico (SEDE) de la entidad, Karla Almanza L\u00f3pez; el secretario de turismo estatal, Bernardo Cueto Riestra, el presidente de la CANACO-Chetumal, Amir Efr\u00e9n Padilla; el presidente de la asociaci\u00f3n de hoteles del centro y sur quintanarroenses, Ra\u00fal Andrade Angulo; y la presidenta del comit\u00e9 \u201c21K Chetumal\u201d, Yurissan Hern\u00e1ndez Rovira.<\/p><\/div>\n\t\t\t\t<\/div>\n\t\t\t\t<\/div>\n\t\t\t\t\t\t<\/div>\n\t\t\t\t\t<\/div>\n\t\t<\/div>\n\t\t\t\t\t\t\t\t<\/div>\n\t\t\t\t\t<\/div>\n\t\t<\/section>\n\t\t\t\t<section class=\"elementor-section elementor-top-section elementor-element elementor-element-220779d elementor-section-boxed elementor-section-height-default elementor-section-height-default\" data-id=\"220779d\" data-element_type=\"section\">\n\t\t\t\t\t\t<div class=\"elementor-container elementor-column-gap-default\">\n\t\t\t\t\t\t\t<div class=\"elementor-row\">\n\t\t\t\t\t<div class=\"elementor-column elementor-col-100 elementor-top-column elementor-element elementor-element-45dbe91\" data-id=\"45dbe91\" data-element_type=\"column\">\n\t\t\t<div class=\"elementor-column-wrap elementor-element-populated\">\n\t\t\t\t\t\t\t<div class=\"elementor-widget-wrap\">\n\t\t\t\t\t\t<div class=\"elementor-element elementor-element-4f4011c elementor-widget elementor-widget-image-gallery\" data-id=\"4f4011c\" data-element_type=\"widget\" data-widget_type=\"image-gallery.default\">\n\t\t\t\t<div class=\"elementor-widget-container\">\n\t\t\t\t\t<div class=\"elementor-image-gallery\">\n\t\t\t<div id='gallery-1' class='gallery galleryid-27683 gallery-columns-4 gallery-size-medium'><figure class='gallery-item'>\n\t\t\t<div class='gallery-icon landscape'>\n\t\t\t\t<a data-elementor-open-lightbox=\"yes\" data-elementor-lightbox-slideshow=\"4f4011c\" data-elementor-lightbox-title=\"WhatsApp Image 2023-07-24 at 11.27.10 AM\" href='https:\/\/www.opb.gob.mx\/portal\/wp-content\/uploads\/2023\/07\/WhatsApp-Image-2023-07-24-at-11.27.10-AM.jpeg'><img width=\"768\" height=\"456\" src=\"https:\/\/www.opb.gob.mx\/portal\/wp-content\/uploads\/2023\/07\/WhatsApp-Image-2023-07-24-at-11.27.10-AM-768x456.jpeg\" class=\"attachment-medium size-medium\" alt=\"\" loading=\"lazy\" \/><\/a>\n\t\t\t<\/div><\/figure><figure class='gallery-item'>\n\t\t\t<div class='gallery-icon landscape'>\n\t\t\t\t<a data-elementor-open-lightbox=\"yes\" data-elementor-lightbox-slideshow=\"4f4011c\" data-elementor-lightbox-title=\"WhatsApp Image 2023-07-24 at 11.27.11 AM\" href='https:\/\/www.opb.gob.mx\/portal\/wp-content\/uploads\/2023\/07\/WhatsApp-Image-2023-07-24-at-11.27.11-AM.jpeg'><img width=\"768\" height=\"456\" src=\"https:\/\/www.opb.gob.mx\/portal\/wp-content\/uploads\/2023\/07\/WhatsApp-Image-2023-07-24-at-11.27.11-AM-768x456.jpeg\" class=\"attachment-medium size-medium\" alt=\"\" loading=\"lazy\" srcset=\"https:\/\/www.opb.gob.mx\/portal\/wp-content\/uploads\/2023\/07\/WhatsApp-Image-2023-07-24-at-11.27.11-AM-768x456.jpeg 768w, https:\/\/www.opb.gob.mx\/portal\/wp-content\/uploads\/2023\/07\/WhatsApp-Image-2023-07-24-at-11.27.11-AM-1170x694.jpeg 1170w\" sizes=\"(max-width: 768px) 100vw, 768px\" \/><\/a>\n\t\t\t<\/div><\/figure><figure class='gallery-item'>\n\t\t\t<div class='gallery-icon landscape'>\n\t\t\t\t<a data-elementor-open-lightbox=\"yes\" data-elementor-lightbox-slideshow=\"4f4011c\" data-elementor-lightbox-title=\"WhatsApp Image 2023-07-24 at 11.27.11 AM (1)\" href='https:\/\/www.opb.gob.mx\/portal\/wp-content\/uploads\/2023\/07\/WhatsApp-Image-2023-07-24-at-11.27.11-AM-1.jpeg'><img width=\"768\" height=\"456\" src=\"https:\/\/www.opb.gob.mx\/portal\/wp-content\/uploads\/2023\/07\/WhatsApp-Image-2023-07-24-at-11.27.11-AM-1-768x456.jpeg\" class=\"attachment-medium size-medium\" alt=\"\" loading=\"lazy\" srcset=\"https:\/\/www.opb.gob.mx\/portal\/wp-content\/uploads\/2023\/07\/WhatsApp-Image-2023-07-24-at-11.27.11-AM-1-768x456.jpeg 768w, https:\/\/www.opb.gob.mx\/portal\/wp-content\/uploads\/2023\/07\/WhatsApp-Image-2023-07-24-at-11.27.11-AM-1-1170x694.jpeg 1170w\" sizes=\"(max-width: 768px) 100vw, 768px\" \/><\/a>\n\t\t\t<\/div><\/figure>\n\t\t<\/div>\n\t\t<\/div>\n\t\t\t\t<\/div>\n\t\t\t\t<\/div>\n\t\t\t\t\t\t<\/div>\n\t\t\t\t\t<\/div>\n\t\t<\/div>\n\t\t\t\t\t\t\t\t<\/div>\n\t\t\t\t\t<\/div>\n\t\t<\/section>\n\t\t\t\t\t\t<\/div>\n\t\t\t\t\t\t<\/div>\n\t\t\t\t\t<\/div>\n\t\t","protected":false},"excerpt":{"rendered":"<p>Por segundo a\u00f1o consecutivo, la presidenta municipal de OPB apoya al comit\u00e9 organizador de la carrera \u201c21K\u201d como una de las actividades que proyectan a Chetumal como la capital del deporte en Quintana Roo.<\/p>\n","protected":false},"author":9,"featured_media":27685,"comment_status":"closed","ping_status":"open","sticky":false,"template":"","format":"standard","meta":[],"categories":[27],"tags":[],"_links":{"self":[{"href":"https:\/\/www.opb.gob.mx\/portal\/index.php?rest_route=\/wp\/v2\/posts\/27683"}],"collection":[{"href":"https:\/\/www.opb.gob.mx\/portal\/index.php?rest_route=\/wp\/v2\/posts"}],"about":[{"href":"https:\/\/www.opb.gob.mx\/portal\/index.php?rest_route=\/wp\/v2\/types\/post"}],"author":[{"embeddable":true,"href":"https:\/\/www.opb.gob.mx\/portal\/index.php?rest_route=\/wp\/v2\/users\/9"}],"replies":[{"embeddable":true,"href":"https:\/\/www.opb.gob.mx\/portal\/index.php?rest_route=%2Fwp%2Fv2%2Fcomments&post=27683"}],"version-history":[{"count":2,"href":"https:\/\/www.opb.gob.mx\/portal\/index.php?rest_route=\/wp\/v2\/posts\/27683\/revisions"}],"predecessor-version":[{"id":27688,"href":"https:\/\/www.opb.gob.mx\/portal\/index.php?rest_route=\/wp\/v2\/posts\/27683\/revisions\/27688"}],"wp:featuredmedia":[{"embeddable":true,"href":"https:\/\/www.opb.gob.mx\/portal\/index.php?rest_route=\/wp\/v2\/media\/27685"}],"wp:attachment":[{"href":"https:\/\/www.opb.gob.mx\/portal\/index.php?rest_route=%2Fwp%2Fv2%2Fmedia&parent=27683"}],"wp:term":[{"taxonomy":"category","embeddable":true,"href":"https:\/\/www.opb.gob.mx\/portal\/index.php?rest_route=%2Fwp%2Fv2%2Fcategories&post=27683"},{"taxonomy":"post_tag","embeddable":true,"href":"https:\/\/www.opb.gob.mx\/portal\/index.php?rest_route=%2Fwp%2Fv2%2Ftags&post=27683"}],"curies":[{"name":"wp","href":"https:\/\/api.w.org\/{rel}","templated":true}]}}