{"id":28069,"date":"2023-11-13T17:06:39","date_gmt":"2023-11-13T17:06:39","guid":{"rendered":"http:\/\/www.opb.gob.mx\/portal\/?p=28069"},"modified":"2023-11-13T22:10:50","modified_gmt":"2023-11-13T22:10:50","slug":"paso-peatonal-para-estudiantes-de-pacto-obrero","status":"publish","type":"post","link":"https:\/\/www.opb.gob.mx\/portal\/?p=28069","title":{"rendered":"PASO PEATONAL PARA ESTUDIANTES DE PACTO OBRERO"},"content":{"rendered":"\t\t<div data-elementor-type=\"wp-post\" data-elementor-id=\"28069\" class=\"elementor elementor-28069\" data-elementor-settings=\"[]\">\n\t\t\t\t\t\t<div class=\"elementor-inner\">\n\t\t\t\t\t\t\t<div class=\"elementor-section-wrap\">\n\t\t\t\t\t\t\t<section class=\"elementor-section elementor-top-section elementor-element elementor-element-c9e6f9c elementor-section-boxed elementor-section-height-default elementor-section-height-default\" data-id=\"c9e6f9c\" data-element_type=\"section\">\n\t\t\t\t\t\t<div class=\"elementor-container elementor-column-gap-default\">\n\t\t\t\t\t\t\t<div class=\"elementor-row\">\n\t\t\t\t\t<div class=\"elementor-column elementor-col-100 elementor-top-column elementor-element elementor-element-a31f069\" data-id=\"a31f069\" data-element_type=\"column\">\n\t\t\t<div class=\"elementor-column-wrap elementor-element-populated\">\n\t\t\t\t\t\t\t<div class=\"elementor-widget-wrap\">\n\t\t\t\t\t\t<div class=\"elementor-element elementor-element-bfd57e7 elementor-widget elementor-widget-text-editor\" data-id=\"bfd57e7\" data-element_type=\"widget\" data-widget_type=\"text-editor.default\">\n\t\t\t\t<div class=\"elementor-widget-container\">\n\t\t\t\t\t<div class=\"elementor-text-editor elementor-clearfix\"><p>Chetumal, Q. Roo a 13 de noviembre. \u2013 Como ha sido la consigna desde el inicio de la administraci\u00f3n othonense, la presidenta municipal de Oth\u00f3n P. Blanco, Yensunni Mart\u00ednez Hern\u00e1ndez, asisti\u00f3 a la colonia Pacto Obrero Campesino al inicio de la obra de construcci\u00f3n de un paso peatonal que hab\u00eda sido solicitado por mucho tiempo.<\/p><p>En este sentido, hacia el fin de semana reciente, la alcaldesa capitalina indici\u00f3 que el paso peatonal es construido por seguridad de las ni\u00f1as y los ni\u00f1os estudiantes del jard\u00edn de ni\u00f1os \u201c25 Aniversario\u201d, y la escuela primaria \u201cPascual Coral Heredia\u201d, ya que corren peligro en la hora de entrada o salida a sus planteles.<\/p><p>Se\u00f1al\u00f3 que la avenida Ernesto Villanueva Madrid se convirti\u00f3 en una arteria de gran importancia al comunicar dos \u00e1reas muy grandes de la ciudad, adem\u00e1s que hace poco fue la entrada principal del recinto ferial provisional.<\/p><p>Dijo que por ello, ahora hay mayor afluencia de veh\u00edculos que algunos de ellos avanzan a altas velocidades y representa un peligro para las ni\u00f1as y los ni\u00f1os de ambas escuelas; y se\u00f1al\u00f3 que las maestras en conjunto con los comit\u00e9s de vecinos hab\u00edan solicitado por mucho tiempo esta y otras mejoras, las cuales ya han sido atendidas.<\/p><p>Las directoras del Jard\u00edn de ni\u00f1os y la Escuela Primaria agradecieron a la presidenta municipal y su equipo de trabajo por tomar en cuenta la colonia que hab\u00eda sido abandonada por muchos a\u00f1os, careciendo de iluminaci\u00f3n bacheo y mucho m\u00e1s, lo que en esta administraci\u00f3n ha sido una realidad ya que la atenci\u00f3n est\u00e1 a la vista.<\/p><p>El director de servicios p\u00fablicos municipales, Luis Mario Ram\u00edrez, indic\u00f3 que los trabajos del paso peatonal ser\u00e1n concluidos en la semana que inicia, si las condiciones del clima lo permiten, por lo que pidi\u00f3 a los transe\u00fantes a ser pacientes con las molestias provocadas.<\/p><\/div>\n\t\t\t\t<\/div>\n\t\t\t\t<\/div>\n\t\t\t\t\t\t<\/div>\n\t\t\t\t\t<\/div>\n\t\t<\/div>\n\t\t\t\t\t\t\t\t<\/div>\n\t\t\t\t\t<\/div>\n\t\t<\/section>\n\t\t\t\t<section class=\"elementor-section elementor-top-section elementor-element elementor-element-0e5b822 elementor-section-boxed elementor-section-height-default elementor-section-height-default\" data-id=\"0e5b822\" data-element_type=\"section\">\n\t\t\t\t\t\t<div class=\"elementor-container elementor-column-gap-default\">\n\t\t\t\t\t\t\t<div class=\"elementor-row\">\n\t\t\t\t\t<div class=\"elementor-column elementor-col-100 elementor-top-column elementor-element elementor-element-21e41ec\" data-id=\"21e41ec\" data-element_type=\"column\">\n\t\t\t<div class=\"elementor-column-wrap elementor-element-populated\">\n\t\t\t\t\t\t\t<div class=\"elementor-widget-wrap\">\n\t\t\t\t\t\t<div class=\"elementor-element elementor-element-181f72e elementor-widget elementor-widget-image-gallery\" data-id=\"181f72e\" data-element_type=\"widget\" data-widget_type=\"image-gallery.default\">\n\t\t\t\t<div class=\"elementor-widget-container\">\n\t\t\t\t\t<div class=\"elementor-image-gallery\">\n\t\t\t<div id='gallery-1' class='gallery galleryid-28069 gallery-columns-4 gallery-size-medium'><figure class='gallery-item'>\n\t\t\t<div class='gallery-icon landscape'>\n\t\t\t\t<a data-elementor-open-lightbox=\"yes\" data-elementor-lightbox-slideshow=\"181f72e\" data-elementor-lightbox-title=\"WhatsApp Image 2023-11-13 at 5.04.07 PM\" href='https:\/\/www.opb.gob.mx\/portal\/wp-content\/uploads\/2023\/11\/WhatsApp-Image-2023-11-13-at-5.04.07-PM.jpeg'><img width=\"768\" height=\"456\" src=\"https:\/\/www.opb.gob.mx\/portal\/wp-content\/uploads\/2023\/11\/WhatsApp-Image-2023-11-13-at-5.04.07-PM-768x456.jpeg\" class=\"attachment-medium size-medium\" alt=\"\" loading=\"lazy\" srcset=\"https:\/\/www.opb.gob.mx\/portal\/wp-content\/uploads\/2023\/11\/WhatsApp-Image-2023-11-13-at-5.04.07-PM-768x456.jpeg 768w, https:\/\/www.opb.gob.mx\/portal\/wp-content\/uploads\/2023\/11\/WhatsApp-Image-2023-11-13-at-5.04.07-PM-1170x694.jpeg 1170w\" sizes=\"(max-width: 768px) 100vw, 768px\" \/><\/a>\n\t\t\t<\/div><\/figure><figure class='gallery-item'>\n\t\t\t<div class='gallery-icon landscape'>\n\t\t\t\t<a data-elementor-open-lightbox=\"yes\" data-elementor-lightbox-slideshow=\"181f72e\" data-elementor-lightbox-title=\"WhatsApp Image 2023-11-13 at 5.04.07 PM (1)\" href='https:\/\/www.opb.gob.mx\/portal\/wp-content\/uploads\/2023\/11\/WhatsApp-Image-2023-11-13-at-5.04.07-PM-1.jpeg'><img width=\"768\" height=\"456\" src=\"https:\/\/www.opb.gob.mx\/portal\/wp-content\/uploads\/2023\/11\/WhatsApp-Image-2023-11-13-at-5.04.07-PM-1-768x456.jpeg\" class=\"attachment-medium size-medium\" alt=\"\" loading=\"lazy\" srcset=\"https:\/\/www.opb.gob.mx\/portal\/wp-content\/uploads\/2023\/11\/WhatsApp-Image-2023-11-13-at-5.04.07-PM-1-768x456.jpeg 768w, https:\/\/www.opb.gob.mx\/portal\/wp-content\/uploads\/2023\/11\/WhatsApp-Image-2023-11-13-at-5.04.07-PM-1-1170x694.jpeg 1170w\" sizes=\"(max-width: 768px) 100vw, 768px\" \/><\/a>\n\t\t\t<\/div><\/figure><figure class='gallery-item'>\n\t\t\t<div class='gallery-icon landscape'>\n\t\t\t\t<a data-elementor-open-lightbox=\"yes\" data-elementor-lightbox-slideshow=\"181f72e\" data-elementor-lightbox-title=\"WhatsApp Image 2023-11-13 at 5.04.08 PM\" href='https:\/\/www.opb.gob.mx\/portal\/wp-content\/uploads\/2023\/11\/WhatsApp-Image-2023-11-13-at-5.04.08-PM.jpeg'><img width=\"768\" height=\"456\" src=\"https:\/\/www.opb.gob.mx\/portal\/wp-content\/uploads\/2023\/11\/WhatsApp-Image-2023-11-13-at-5.04.08-PM-768x456.jpeg\" class=\"attachment-medium size-medium\" alt=\"\" loading=\"lazy\" srcset=\"https:\/\/www.opb.gob.mx\/portal\/wp-content\/uploads\/2023\/11\/WhatsApp-Image-2023-11-13-at-5.04.08-PM-768x456.jpeg 768w, https:\/\/www.opb.gob.mx\/portal\/wp-content\/uploads\/2023\/11\/WhatsApp-Image-2023-11-13-at-5.04.08-PM-1170x694.jpeg 1170w\" sizes=\"(max-width: 768px) 100vw, 768px\" \/><\/a>\n\t\t\t<\/div><\/figure>\n\t\t<\/div>\n\t\t<\/div>\n\t\t\t\t<\/div>\n\t\t\t\t<\/div>\n\t\t\t\t\t\t<\/div>\n\t\t\t\t\t<\/div>\n\t\t<\/div>\n\t\t\t\t\t\t\t\t<\/div>\n\t\t\t\t\t<\/div>\n\t\t<\/section>\n\t\t\t\t\t\t<\/div>\n\t\t\t\t\t\t<\/div>\n\t\t\t\t\t<\/div>\n\t\t","protected":false},"excerpt":{"rendered":"<p>Yensunni Mart\u00ednez responde sin excusas a solicitudes de la ciudadan\u00eda othonense. <\/p>\n","protected":false},"author":9,"featured_media":28072,"comment_status":"closed","ping_status":"open","sticky":false,"template":"","format":"standard","meta":[],"categories":[27],"tags":[],"_links":{"self":[{"href":"https:\/\/www.opb.gob.mx\/portal\/index.php?rest_route=\/wp\/v2\/posts\/28069"}],"collection":[{"href":"https:\/\/www.opb.gob.mx\/portal\/index.php?rest_route=\/wp\/v2\/posts"}],"about":[{"href":"https:\/\/www.opb.gob.mx\/portal\/index.php?rest_route=\/wp\/v2\/types\/post"}],"author":[{"embeddable":true,"href":"https:\/\/www.opb.gob.mx\/portal\/index.php?rest_route=\/wp\/v2\/users\/9"}],"replies":[{"embeddable":true,"href":"https:\/\/www.opb.gob.mx\/portal\/index.php?rest_route=%2Fwp%2Fv2%2Fcomments&post=28069"}],"version-history":[{"count":2,"href":"https:\/\/www.opb.gob.mx\/portal\/index.php?rest_route=\/wp\/v2\/posts\/28069\/revisions"}],"predecessor-version":[{"id":28074,"href":"https:\/\/www.opb.gob.mx\/portal\/index.php?rest_route=\/wp\/v2\/posts\/28069\/revisions\/28074"}],"wp:featuredmedia":[{"embeddable":true,"href":"https:\/\/www.opb.gob.mx\/portal\/index.php?rest_route=\/wp\/v2\/media\/28072"}],"wp:attachment":[{"href":"https:\/\/www.opb.gob.mx\/portal\/index.php?rest_route=%2Fwp%2Fv2%2Fmedia&parent=28069"}],"wp:term":[{"taxonomy":"category","embeddable":true,"href":"https:\/\/www.opb.gob.mx\/portal\/index.php?rest_route=%2Fwp%2Fv2%2Fcategories&post=28069"},{"taxonomy":"post_tag","embeddable":true,"href":"https:\/\/www.opb.gob.mx\/portal\/index.php?rest_route=%2Fwp%2Fv2%2Ftags&post=28069"}],"curies":[{"name":"wp","href":"https:\/\/api.w.org\/{rel}","templated":true}]}}