{"id":28096,"date":"2023-11-23T11:14:58","date_gmt":"2023-11-23T11:14:58","guid":{"rendered":"http:\/\/www.opb.gob.mx\/portal\/?p=28096"},"modified":"2023-11-23T16:17:57","modified_gmt":"2023-11-23T16:17:57","slug":"yensunni-martinez-lanza-programa-de-empleo-temporal-en-chetumal","status":"publish","type":"post","link":"https:\/\/www.opb.gob.mx\/portal\/?p=28096","title":{"rendered":"YENSUNNI MART\u00cdNEZ LANZA PROGRAMA DE EMPLEO TEMPORAL EN CHETUMAL"},"content":{"rendered":"\t\t<div data-elementor-type=\"wp-post\" data-elementor-id=\"28096\" class=\"elementor elementor-28096\" data-elementor-settings=\"[]\">\n\t\t\t\t\t\t<div class=\"elementor-inner\">\n\t\t\t\t\t\t\t<div class=\"elementor-section-wrap\">\n\t\t\t\t\t\t\t<section class=\"elementor-section elementor-top-section elementor-element elementor-element-e787040 elementor-section-boxed elementor-section-height-default elementor-section-height-default\" data-id=\"e787040\" data-element_type=\"section\">\n\t\t\t\t\t\t<div class=\"elementor-container elementor-column-gap-default\">\n\t\t\t\t\t\t\t<div class=\"elementor-row\">\n\t\t\t\t\t<div class=\"elementor-column elementor-col-100 elementor-top-column elementor-element elementor-element-ed492cd\" data-id=\"ed492cd\" data-element_type=\"column\">\n\t\t\t<div class=\"elementor-column-wrap elementor-element-populated\">\n\t\t\t\t\t\t\t<div class=\"elementor-widget-wrap\">\n\t\t\t\t\t\t<div class=\"elementor-element elementor-element-dfa5a2a elementor-widget elementor-widget-text-editor\" data-id=\"dfa5a2a\" data-element_type=\"widget\" data-widget_type=\"text-editor.default\">\n\t\t\t\t<div class=\"elementor-widget-container\">\n\t\t\t\t\t<div class=\"elementor-text-editor elementor-clearfix\"><p>Chetumal, Q. Roo a 23 de noviembre.- La presidenta municipal de Oth\u00f3n P. Blanco, Yensunni Mart\u00ednez Hern\u00e1ndez, lanz\u00f3 esta semana un programa de empleo temporal para continuar con la limpieza y podado de camellones en la ciudad de Chetumal.<\/p><p>Explic\u00f3 que se cuenta con un equipo de colaboradores comprometidos en el H. Ayuntamiento de Oth\u00f3n P. Blanco que participan en brigadas para la limpieza de la ciudad, sin embargo para atender las peticiones que le hacen llegar a trav\u00e9s de los recorridos, v\u00eda redes sociales e incluso por mensaje telef\u00f3nico, es una cantidad importante que atender.<\/p><p>Aunado a esto dijo que las \u00e1reas verdes por podar, cada d\u00eda son m\u00e1s debido al crecimiento de la ciudad con m\u00e1s colonias y tambi\u00e9n debido al clima ya que las lluvias hacen crecer m\u00e1s r\u00e1pido el pasto en general.<\/p><p>Yensunni Mart\u00ednez coment\u00f3 que se ha hecho un esfuerzo por dotar de herramientas al \u00e1rea de podado entre desbrozadoras, podadoras, y aceite entre otros, para uso del personal de servicios p\u00fablicos municipales.<\/p><p>Con base en lo anterior, la presidenta municipal anunci\u00f3 que la administraci\u00f3n a su cargo, abri\u00f3 desde el 19 de noviembre el programa de contrataci\u00f3n de personal para empleo temporal para la limpieza de camellones y podado en general de la ciudad capital.<\/p><p>Exhort\u00f3 a todas las personas que quieran acceder al empleo, a acudir a la direcci\u00f3n de recursos humanos en los bajos de palacio municipal con horario de atenci\u00f3n de 9 de la ma\u00f1ana a 4 de la tarde en d\u00eda h\u00e1biles para informaci\u00f3n sobre el salario y las horas de las jornadas.<\/p><p>Al mismo tiempo, Yensunni Mart\u00ednez solicit\u00f3 el apoyo de la ciudadan\u00eda a colaborar limpiando el frente de sus casas ya que este programa de empleo temporal es para limpiar camellones, parques y \u00e1reas verdes de uso com\u00fan.<\/p><p>Asimismo, pidi\u00f3 la colaboraci\u00f3n a la ciudadan\u00eda para no tirar basura en lotes bald\u00edos, ya que se han convertido en basureros clandestinos donde tiran desde muebles hasta animales muertos y para atenci\u00f3n en la recoja de este tipo de desechos, se cuenta con la l\u00ednea 072 donde se atienden los reportes para juntos hacer el municipio que todas y todos queremos.<\/p><\/div>\n\t\t\t\t<\/div>\n\t\t\t\t<\/div>\n\t\t\t\t\t\t<\/div>\n\t\t\t\t\t<\/div>\n\t\t<\/div>\n\t\t\t\t\t\t\t\t<\/div>\n\t\t\t\t\t<\/div>\n\t\t<\/section>\n\t\t\t\t<section class=\"elementor-section elementor-top-section elementor-element elementor-element-4b7bccf elementor-section-boxed elementor-section-height-default elementor-section-height-default\" data-id=\"4b7bccf\" data-element_type=\"section\">\n\t\t\t\t\t\t<div class=\"elementor-container elementor-column-gap-default\">\n\t\t\t\t\t\t\t<div class=\"elementor-row\">\n\t\t\t\t\t<div class=\"elementor-column elementor-col-100 elementor-top-column elementor-element elementor-element-a028d60\" data-id=\"a028d60\" data-element_type=\"column\">\n\t\t\t<div class=\"elementor-column-wrap elementor-element-populated\">\n\t\t\t\t\t\t\t<div class=\"elementor-widget-wrap\">\n\t\t\t\t\t\t<div class=\"elementor-element elementor-element-47948e1 elementor-widget elementor-widget-image-gallery\" data-id=\"47948e1\" data-element_type=\"widget\" data-widget_type=\"image-gallery.default\">\n\t\t\t\t<div class=\"elementor-widget-container\">\n\t\t\t\t\t<div class=\"elementor-image-gallery\">\n\t\t\t<div id='gallery-1' class='gallery galleryid-28096 gallery-columns-4 gallery-size-medium'><figure class='gallery-item'>\n\t\t\t<div class='gallery-icon landscape'>\n\t\t\t\t<a data-elementor-open-lightbox=\"yes\" data-elementor-lightbox-slideshow=\"47948e1\" data-elementor-lightbox-title=\"WhatsApp Image 2023-11-23 at 11.03.24 AM\" href='https:\/\/www.opb.gob.mx\/portal\/wp-content\/uploads\/2023\/11\/WhatsApp-Image-2023-11-23-at-11.03.24-AM.jpeg'><img width=\"768\" height=\"456\" src=\"https:\/\/www.opb.gob.mx\/portal\/wp-content\/uploads\/2023\/11\/WhatsApp-Image-2023-11-23-at-11.03.24-AM-768x456.jpeg\" class=\"attachment-medium size-medium\" alt=\"\" loading=\"lazy\" \/><\/a>\n\t\t\t<\/div><\/figure><figure class='gallery-item'>\n\t\t\t<div class='gallery-icon landscape'>\n\t\t\t\t<a data-elementor-open-lightbox=\"yes\" data-elementor-lightbox-slideshow=\"47948e1\" data-elementor-lightbox-title=\"WhatsApp Image 2023-11-23 at 11.03.24 AM (1)\" href='https:\/\/www.opb.gob.mx\/portal\/wp-content\/uploads\/2023\/11\/WhatsApp-Image-2023-11-23-at-11.03.24-AM-1.jpeg'><img width=\"768\" height=\"456\" src=\"https:\/\/www.opb.gob.mx\/portal\/wp-content\/uploads\/2023\/11\/WhatsApp-Image-2023-11-23-at-11.03.24-AM-1-768x456.jpeg\" class=\"attachment-medium size-medium\" alt=\"\" loading=\"lazy\" srcset=\"https:\/\/www.opb.gob.mx\/portal\/wp-content\/uploads\/2023\/11\/WhatsApp-Image-2023-11-23-at-11.03.24-AM-1-768x456.jpeg 768w, https:\/\/www.opb.gob.mx\/portal\/wp-content\/uploads\/2023\/11\/WhatsApp-Image-2023-11-23-at-11.03.24-AM-1-1170x694.jpeg 1170w\" sizes=\"(max-width: 768px) 100vw, 768px\" \/><\/a>\n\t\t\t<\/div><\/figure><figure class='gallery-item'>\n\t\t\t<div class='gallery-icon landscape'>\n\t\t\t\t<a data-elementor-open-lightbox=\"yes\" data-elementor-lightbox-slideshow=\"47948e1\" data-elementor-lightbox-title=\"WhatsApp Image 2023-11-23 at 11.03.25 AM\" href='https:\/\/www.opb.gob.mx\/portal\/wp-content\/uploads\/2023\/11\/WhatsApp-Image-2023-11-23-at-11.03.25-AM.jpeg'><img width=\"768\" height=\"456\" src=\"https:\/\/www.opb.gob.mx\/portal\/wp-content\/uploads\/2023\/11\/WhatsApp-Image-2023-11-23-at-11.03.25-AM-768x456.jpeg\" class=\"attachment-medium size-medium\" alt=\"\" loading=\"lazy\" srcset=\"https:\/\/www.opb.gob.mx\/portal\/wp-content\/uploads\/2023\/11\/WhatsApp-Image-2023-11-23-at-11.03.25-AM-768x456.jpeg 768w, https:\/\/www.opb.gob.mx\/portal\/wp-content\/uploads\/2023\/11\/WhatsApp-Image-2023-11-23-at-11.03.25-AM-1170x694.jpeg 1170w\" sizes=\"(max-width: 768px) 100vw, 768px\" \/><\/a>\n\t\t\t<\/div><\/figure><figure class='gallery-item'>\n\t\t\t<div class='gallery-icon landscape'>\n\t\t\t\t<a data-elementor-open-lightbox=\"yes\" data-elementor-lightbox-slideshow=\"47948e1\" data-elementor-lightbox-title=\"WhatsApp Image 2023-11-23 at 11.03.25 AM (1)\" href='https:\/\/www.opb.gob.mx\/portal\/wp-content\/uploads\/2023\/11\/WhatsApp-Image-2023-11-23-at-11.03.25-AM-1.jpeg'><img width=\"768\" height=\"456\" src=\"https:\/\/www.opb.gob.mx\/portal\/wp-content\/uploads\/2023\/11\/WhatsApp-Image-2023-11-23-at-11.03.25-AM-1-768x456.jpeg\" class=\"attachment-medium size-medium\" alt=\"\" loading=\"lazy\" \/><\/a>\n\t\t\t<\/div><\/figure>\n\t\t<\/div>\n\t\t<\/div>\n\t\t\t\t<\/div>\n\t\t\t\t<\/div>\n\t\t\t\t\t\t<\/div>\n\t\t\t\t\t<\/div>\n\t\t<\/div>\n\t\t\t\t\t\t\t\t<\/div>\n\t\t\t\t\t<\/div>\n\t\t<\/section>\n\t\t\t\t\t\t<\/div>\n\t\t\t\t\t\t<\/div>\n\t\t\t\t\t<\/div>\n\t\t","protected":false},"excerpt":{"rendered":"<p>La contrataci\u00f3n de personal para empleo temporal tiene la finalidad de poder cubrir el excedente en trabajo de podado de diversos puntos de la ciudad para embellecer la imagen urbana.<\/p>\n","protected":false},"author":9,"featured_media":28100,"comment_status":"closed","ping_status":"open","sticky":false,"template":"","format":"standard","meta":[],"categories":[27],"tags":[],"_links":{"self":[{"href":"https:\/\/www.opb.gob.mx\/portal\/index.php?rest_route=\/wp\/v2\/posts\/28096"}],"collection":[{"href":"https:\/\/www.opb.gob.mx\/portal\/index.php?rest_route=\/wp\/v2\/posts"}],"about":[{"href":"https:\/\/www.opb.gob.mx\/portal\/index.php?rest_route=\/wp\/v2\/types\/post"}],"author":[{"embeddable":true,"href":"https:\/\/www.opb.gob.mx\/portal\/index.php?rest_route=\/wp\/v2\/users\/9"}],"replies":[{"embeddable":true,"href":"https:\/\/www.opb.gob.mx\/portal\/index.php?rest_route=%2Fwp%2Fv2%2Fcomments&post=28096"}],"version-history":[{"count":2,"href":"https:\/\/www.opb.gob.mx\/portal\/index.php?rest_route=\/wp\/v2\/posts\/28096\/revisions"}],"predecessor-version":[{"id":28102,"href":"https:\/\/www.opb.gob.mx\/portal\/index.php?rest_route=\/wp\/v2\/posts\/28096\/revisions\/28102"}],"wp:featuredmedia":[{"embeddable":true,"href":"https:\/\/www.opb.gob.mx\/portal\/index.php?rest_route=\/wp\/v2\/media\/28100"}],"wp:attachment":[{"href":"https:\/\/www.opb.gob.mx\/portal\/index.php?rest_route=%2Fwp%2Fv2%2Fmedia&parent=28096"}],"wp:term":[{"taxonomy":"category","embeddable":true,"href":"https:\/\/www.opb.gob.mx\/portal\/index.php?rest_route=%2Fwp%2Fv2%2Fcategories&post=28096"},{"taxonomy":"post_tag","embeddable":true,"href":"https:\/\/www.opb.gob.mx\/portal\/index.php?rest_route=%2Fwp%2Fv2%2Ftags&post=28096"}],"curies":[{"name":"wp","href":"https:\/\/api.w.org\/{rel}","templated":true}]}}