{"id":29184,"date":"2025-03-08T16:25:33","date_gmt":"2025-03-08T16:25:33","guid":{"rendered":"http:\/\/www.opb.gob.mx\/portal\/?p=29184"},"modified":"2025-03-08T16:26:13","modified_gmt":"2025-03-08T16:26:13","slug":"mahahual-vibro-al-ritmo-del-carnaval","status":"publish","type":"post","link":"https:\/\/www.opb.gob.mx\/portal\/?p=29184","title":{"rendered":"Mahahual vibr\u00f3 al ritmo del Carnaval"},"content":{"rendered":"\t\t<div data-elementor-type=\"wp-post\" data-elementor-id=\"29184\" class=\"elementor elementor-29184\" data-elementor-settings=\"[]\">\n\t\t\t\t\t\t<div class=\"elementor-inner\">\n\t\t\t\t\t\t\t<div class=\"elementor-section-wrap\">\n\t\t\t\t\t\t\t<section class=\"elementor-section elementor-top-section elementor-element elementor-element-44a1f41 elementor-section-boxed elementor-section-height-default elementor-section-height-default\" data-id=\"44a1f41\" data-element_type=\"section\">\n\t\t\t\t\t\t<div class=\"elementor-container elementor-column-gap-default\">\n\t\t\t\t\t\t\t<div class=\"elementor-row\">\n\t\t\t\t\t<div class=\"elementor-column elementor-col-100 elementor-top-column elementor-element elementor-element-2325b9b\" data-id=\"2325b9b\" data-element_type=\"column\">\n\t\t\t<div class=\"elementor-column-wrap elementor-element-populated\">\n\t\t\t\t\t\t\t<div class=\"elementor-widget-wrap\">\n\t\t\t\t\t\t<div class=\"elementor-element elementor-element-3828a54 elementor-widget elementor-widget-text-editor\" data-id=\"3828a54\" data-element_type=\"widget\" data-widget_type=\"text-editor.default\">\n\t\t\t\t<div class=\"elementor-widget-container\">\n\t\t\t\t\t<div class=\"elementor-text-editor elementor-clearfix\"><p>CHETUMAL, 08 de marzo. Toda la magia y diversi\u00f3n del Carnaval lleg\u00f3 a Mahahual, comunidad tur\u00edstica de Oth\u00f3n P. Blanco que vivi\u00f3 una gran fiesta la noche de ayer, ilumin\u00e1ndose de colores y vibrando al ritmo de la m\u00fasica caribe\u00f1a.<\/p><p>El derrotero, en el que participaron comparsas locales y de Chetumal, marc\u00f3 el inicio de estas fiestas carnestolendas, llenando de alegr\u00eda y sana convivencia familiar su recorrido por la calle principal y el malec\u00f3n de la comunidad.<\/p><p>La presidenta municipal Yensunni Mart\u00ednez Hern\u00e1ndez agradeci\u00f3 a todas las personas que se unieron e hicieron posible esta gran fiesta, al alcalde Fernando Rodr\u00edguez, a las Reinas y Reyes, a las comparsas, a organizadores, as\u00ed como a toda la comunidad y visitantes que han sido parte de esta bella tradici\u00f3n que refuerza la identidad y da mayor impulso tur\u00edstico al coraz\u00f3n de la Costa Maya.<\/p><p>El carnaval continuar\u00e1 este 8 de marzo, donde habr\u00e1 muchas sorpresas y diversi\u00f3n con el tradicional derrotero, concurso de comparsas, as\u00ed como talentosos artistas invitados que har\u00e1n de esta fiesta una experiencia \u00fanica e inolvidable.<\/p><\/div>\n\t\t\t\t<\/div>\n\t\t\t\t<\/div>\n\t\t\t\t\t\t<\/div>\n\t\t\t\t\t<\/div>\n\t\t<\/div>\n\t\t\t\t\t\t\t\t<\/div>\n\t\t\t\t\t<\/div>\n\t\t<\/section>\n\t\t\t\t<section class=\"elementor-section elementor-top-section elementor-element elementor-element-9ed57b0 elementor-section-boxed elementor-section-height-default elementor-section-height-default\" data-id=\"9ed57b0\" data-element_type=\"section\">\n\t\t\t\t\t\t<div class=\"elementor-container elementor-column-gap-default\">\n\t\t\t\t\t\t\t<div class=\"elementor-row\">\n\t\t\t\t\t<div class=\"elementor-column elementor-col-100 elementor-top-column elementor-element elementor-element-3a8b4bd\" data-id=\"3a8b4bd\" data-element_type=\"column\">\n\t\t\t<div class=\"elementor-column-wrap\">\n\t\t\t\t\t\t\t<div class=\"elementor-widget-wrap\">\n\t\t\t\t\t\t\t\t<\/div>\n\t\t\t\t\t<\/div>\n\t\t<\/div>\n\t\t\t\t\t\t\t\t<\/div>\n\t\t\t\t\t<\/div>\n\t\t<\/section>\n\t\t\t\t<section class=\"elementor-section elementor-top-section elementor-element elementor-element-ba0d859 elementor-section-boxed elementor-section-height-default elementor-section-height-default\" data-id=\"ba0d859\" data-element_type=\"section\">\n\t\t\t\t\t\t<div class=\"elementor-container elementor-column-gap-default\">\n\t\t\t\t\t\t\t<div class=\"elementor-row\">\n\t\t\t\t\t<div class=\"elementor-column elementor-col-100 elementor-top-column elementor-element elementor-element-f08d36b\" data-id=\"f08d36b\" data-element_type=\"column\">\n\t\t\t<div class=\"elementor-column-wrap elementor-element-populated\">\n\t\t\t\t\t\t\t<div class=\"elementor-widget-wrap\">\n\t\t\t\t\t\t<div class=\"elementor-element elementor-element-05630dc elementor-widget elementor-widget-image-gallery\" data-id=\"05630dc\" data-element_type=\"widget\" data-widget_type=\"image-gallery.default\">\n\t\t\t\t<div class=\"elementor-widget-container\">\n\t\t\t\t\t<div class=\"elementor-image-gallery\">\n\t\t\t<div id='gallery-1' class='gallery galleryid-29184 gallery-columns-4 gallery-size-medium'><figure class='gallery-item'>\n\t\t\t<div class='gallery-icon landscape'>\n\t\t\t\t<a data-elementor-open-lightbox=\"yes\" data-elementor-lightbox-slideshow=\"05630dc\" data-elementor-lightbox-title=\"WhatsApp Image 2025-03-08 at 11.14.24 AM (2)\" href='https:\/\/www.opb.gob.mx\/portal\/wp-content\/uploads\/2025\/03\/WhatsApp-Image-2025-03-08-at-11.14.24-AM-2.jpeg'><img width=\"768\" height=\"456\" src=\"https:\/\/www.opb.gob.mx\/portal\/wp-content\/uploads\/2025\/03\/WhatsApp-Image-2025-03-08-at-11.14.24-AM-2-768x456.jpeg\" class=\"attachment-medium size-medium\" alt=\"\" loading=\"lazy\" \/><\/a>\n\t\t\t<\/div><\/figure><figure class='gallery-item'>\n\t\t\t<div class='gallery-icon landscape'>\n\t\t\t\t<a data-elementor-open-lightbox=\"yes\" data-elementor-lightbox-slideshow=\"05630dc\" data-elementor-lightbox-title=\"WhatsApp Image 2025-03-08 at 11.14.24 AM (3)\" href='https:\/\/www.opb.gob.mx\/portal\/wp-content\/uploads\/2025\/03\/WhatsApp-Image-2025-03-08-at-11.14.24-AM-3.jpeg'><img width=\"768\" height=\"456\" src=\"https:\/\/www.opb.gob.mx\/portal\/wp-content\/uploads\/2025\/03\/WhatsApp-Image-2025-03-08-at-11.14.24-AM-3-768x456.jpeg\" class=\"attachment-medium size-medium\" alt=\"\" loading=\"lazy\" \/><\/a>\n\t\t\t<\/div><\/figure><figure class='gallery-item'>\n\t\t\t<div class='gallery-icon landscape'>\n\t\t\t\t<a data-elementor-open-lightbox=\"yes\" data-elementor-lightbox-slideshow=\"05630dc\" data-elementor-lightbox-title=\"WhatsApp Image 2025-03-08 at 11.14.24 AM\" href='https:\/\/www.opb.gob.mx\/portal\/wp-content\/uploads\/2025\/03\/WhatsApp-Image-2025-03-08-at-11.14.24-AM.jpeg'><img width=\"768\" height=\"456\" src=\"https:\/\/www.opb.gob.mx\/portal\/wp-content\/uploads\/2025\/03\/WhatsApp-Image-2025-03-08-at-11.14.24-AM-768x456.jpeg\" class=\"attachment-medium size-medium\" alt=\"\" loading=\"lazy\" \/><\/a>\n\t\t\t<\/div><\/figure><figure class='gallery-item'>\n\t\t\t<div class='gallery-icon landscape'>\n\t\t\t\t<a data-elementor-open-lightbox=\"yes\" data-elementor-lightbox-slideshow=\"05630dc\" data-elementor-lightbox-title=\"WhatsApp Image 2025-03-08 at 11.14.25 AM (3)\" href='https:\/\/www.opb.gob.mx\/portal\/wp-content\/uploads\/2025\/03\/WhatsApp-Image-2025-03-08-at-11.14.25-AM-3-scaled.jpeg'><img width=\"768\" height=\"456\" src=\"https:\/\/www.opb.gob.mx\/portal\/wp-content\/uploads\/2025\/03\/WhatsApp-Image-2025-03-08-at-11.14.25-AM-3-768x456.jpeg\" class=\"attachment-medium size-medium\" alt=\"\" loading=\"lazy\" srcset=\"https:\/\/www.opb.gob.mx\/portal\/wp-content\/uploads\/2025\/03\/WhatsApp-Image-2025-03-08-at-11.14.25-AM-3-768x456.jpeg 768w, https:\/\/www.opb.gob.mx\/portal\/wp-content\/uploads\/2025\/03\/WhatsApp-Image-2025-03-08-at-11.14.25-AM-3-1170x694.jpeg 1170w\" sizes=\"(max-width: 768px) 100vw, 768px\" \/><\/a>\n\t\t\t<\/div><\/figure><figure class='gallery-item'>\n\t\t\t<div class='gallery-icon landscape'>\n\t\t\t\t<a data-elementor-open-lightbox=\"yes\" data-elementor-lightbox-slideshow=\"05630dc\" data-elementor-lightbox-title=\"WhatsApp Image 2025-03-08 at 11.14.24 AM (1)\" href='https:\/\/www.opb.gob.mx\/portal\/wp-content\/uploads\/2025\/03\/WhatsApp-Image-2025-03-08-at-11.14.24-AM-1.jpeg'><img width=\"768\" height=\"456\" src=\"https:\/\/www.opb.gob.mx\/portal\/wp-content\/uploads\/2025\/03\/WhatsApp-Image-2025-03-08-at-11.14.24-AM-1-768x456.jpeg\" class=\"attachment-medium size-medium\" alt=\"\" loading=\"lazy\" \/><\/a>\n\t\t\t<\/div><\/figure><figure class='gallery-item'>\n\t\t\t<div class='gallery-icon landscape'>\n\t\t\t\t<a data-elementor-open-lightbox=\"yes\" data-elementor-lightbox-slideshow=\"05630dc\" data-elementor-lightbox-title=\"WhatsApp Image 2025-03-08 at 11.14.24 AM (4)\" href='https:\/\/www.opb.gob.mx\/portal\/wp-content\/uploads\/2025\/03\/WhatsApp-Image-2025-03-08-at-11.14.24-AM-4.jpeg'><img width=\"768\" height=\"456\" src=\"https:\/\/www.opb.gob.mx\/portal\/wp-content\/uploads\/2025\/03\/WhatsApp-Image-2025-03-08-at-11.14.24-AM-4-768x456.jpeg\" class=\"attachment-medium size-medium\" alt=\"\" loading=\"lazy\" \/><\/a>\n\t\t\t<\/div><\/figure><figure class='gallery-item'>\n\t\t\t<div class='gallery-icon landscape'>\n\t\t\t\t<a data-elementor-open-lightbox=\"yes\" data-elementor-lightbox-slideshow=\"05630dc\" data-elementor-lightbox-title=\"WhatsApp Image 2025-03-08 at 11.14.25 AM\" href='https:\/\/www.opb.gob.mx\/portal\/wp-content\/uploads\/2025\/03\/WhatsApp-Image-2025-03-08-at-11.14.25-AM.jpeg'><img width=\"768\" height=\"456\" src=\"https:\/\/www.opb.gob.mx\/portal\/wp-content\/uploads\/2025\/03\/WhatsApp-Image-2025-03-08-at-11.14.25-AM-768x456.jpeg\" class=\"attachment-medium size-medium\" alt=\"\" loading=\"lazy\" \/><\/a>\n\t\t\t<\/div><\/figure><figure class='gallery-item'>\n\t\t\t<div class='gallery-icon landscape'>\n\t\t\t\t<a data-elementor-open-lightbox=\"yes\" data-elementor-lightbox-slideshow=\"05630dc\" data-elementor-lightbox-title=\"WhatsApp Image 2025-03-08 at 11.14.25 AM (1)\" href='https:\/\/www.opb.gob.mx\/portal\/wp-content\/uploads\/2025\/03\/WhatsApp-Image-2025-03-08-at-11.14.25-AM-1-scaled.jpeg'><img width=\"768\" height=\"456\" src=\"https:\/\/www.opb.gob.mx\/portal\/wp-content\/uploads\/2025\/03\/WhatsApp-Image-2025-03-08-at-11.14.25-AM-1-768x456.jpeg\" class=\"attachment-medium size-medium\" alt=\"\" loading=\"lazy\" srcset=\"https:\/\/www.opb.gob.mx\/portal\/wp-content\/uploads\/2025\/03\/WhatsApp-Image-2025-03-08-at-11.14.25-AM-1-768x456.jpeg 768w, https:\/\/www.opb.gob.mx\/portal\/wp-content\/uploads\/2025\/03\/WhatsApp-Image-2025-03-08-at-11.14.25-AM-1-1170x694.jpeg 1170w\" sizes=\"(max-width: 768px) 100vw, 768px\" \/><\/a>\n\t\t\t<\/div><\/figure><figure class='gallery-item'>\n\t\t\t<div class='gallery-icon landscape'>\n\t\t\t\t<a data-elementor-open-lightbox=\"yes\" data-elementor-lightbox-slideshow=\"05630dc\" data-elementor-lightbox-title=\"WhatsApp Image 2025-03-08 at 11.14.25 AM (2)\" href='https:\/\/www.opb.gob.mx\/portal\/wp-content\/uploads\/2025\/03\/WhatsApp-Image-2025-03-08-at-11.14.25-AM-2-scaled.jpeg'><img width=\"768\" height=\"456\" src=\"https:\/\/www.opb.gob.mx\/portal\/wp-content\/uploads\/2025\/03\/WhatsApp-Image-2025-03-08-at-11.14.25-AM-2-768x456.jpeg\" class=\"attachment-medium size-medium\" alt=\"\" loading=\"lazy\" srcset=\"https:\/\/www.opb.gob.mx\/portal\/wp-content\/uploads\/2025\/03\/WhatsApp-Image-2025-03-08-at-11.14.25-AM-2-768x456.jpeg 768w, https:\/\/www.opb.gob.mx\/portal\/wp-content\/uploads\/2025\/03\/WhatsApp-Image-2025-03-08-at-11.14.25-AM-2-1170x694.jpeg 1170w\" sizes=\"(max-width: 768px) 100vw, 768px\" \/><\/a>\n\t\t\t<\/div><\/figure>\n\t\t<\/div>\n\t\t<\/div>\n\t\t\t\t<\/div>\n\t\t\t\t<\/div>\n\t\t\t\t\t\t<\/div>\n\t\t\t\t\t<\/div>\n\t\t<\/div>\n\t\t\t\t\t\t\t\t<\/div>\n\t\t\t\t\t<\/div>\n\t\t<\/section>\n\t\t\t\t\t\t<\/div>\n\t\t\t\t\t\t<\/div>\n\t\t\t\t\t<\/div>\n\t\t","protected":false},"excerpt":{"rendered":"<p>CHETUMAL, 08 de marzo. Toda la magia y diversi\u00f3n del Carnaval lleg\u00f3 a Mahahual, comunidad tur\u00edstica de Oth\u00f3n P. Blanco que vivi\u00f3 una gran fiesta la noche de ayer, ilumin\u00e1ndose de colores y vibrando al ritmo de la m\u00fasica caribe\u00f1a.<\/p>\n","protected":false},"author":9,"featured_media":29191,"comment_status":"open","ping_status":"open","sticky":false,"template":"","format":"standard","meta":[],"categories":[1],"tags":[],"_links":{"self":[{"href":"https:\/\/www.opb.gob.mx\/portal\/index.php?rest_route=\/wp\/v2\/posts\/29184"}],"collection":[{"href":"https:\/\/www.opb.gob.mx\/portal\/index.php?rest_route=\/wp\/v2\/posts"}],"about":[{"href":"https:\/\/www.opb.gob.mx\/portal\/index.php?rest_route=\/wp\/v2\/types\/post"}],"author":[{"embeddable":true,"href":"https:\/\/www.opb.gob.mx\/portal\/index.php?rest_route=\/wp\/v2\/users\/9"}],"replies":[{"embeddable":true,"href":"https:\/\/www.opb.gob.mx\/portal\/index.php?rest_route=%2Fwp%2Fv2%2Fcomments&post=29184"}],"version-history":[{"count":2,"href":"https:\/\/www.opb.gob.mx\/portal\/index.php?rest_route=\/wp\/v2\/posts\/29184\/revisions"}],"predecessor-version":[{"id":29195,"href":"https:\/\/www.opb.gob.mx\/portal\/index.php?rest_route=\/wp\/v2\/posts\/29184\/revisions\/29195"}],"wp:featuredmedia":[{"embeddable":true,"href":"https:\/\/www.opb.gob.mx\/portal\/index.php?rest_route=\/wp\/v2\/media\/29191"}],"wp:attachment":[{"href":"https:\/\/www.opb.gob.mx\/portal\/index.php?rest_route=%2Fwp%2Fv2%2Fmedia&parent=29184"}],"wp:term":[{"taxonomy":"category","embeddable":true,"href":"https:\/\/www.opb.gob.mx\/portal\/index.php?rest_route=%2Fwp%2Fv2%2Fcategories&post=29184"},{"taxonomy":"post_tag","embeddable":true,"href":"https:\/\/www.opb.gob.mx\/portal\/index.php?rest_route=%2Fwp%2Fv2%2Ftags&post=29184"}],"curies":[{"name":"wp","href":"https:\/\/api.w.org\/{rel}","templated":true}]}}