{"id":29267,"date":"2025-03-25T21:29:50","date_gmt":"2025-03-25T21:29:50","guid":{"rendered":"http:\/\/www.opb.gob.mx\/portal\/?p=29267"},"modified":"2025-03-25T21:31:12","modified_gmt":"2025-03-25T21:31:12","slug":"rehabilitaran-parque-de-la-juventud-en-chetumal","status":"publish","type":"post","link":"https:\/\/www.opb.gob.mx\/portal\/?p=29267","title":{"rendered":"Rehabilitar\u00e1n parque &#8220;De la Juventud&#8221; en Chetumal"},"content":{"rendered":"\t\t<div data-elementor-type=\"wp-post\" data-elementor-id=\"29267\" class=\"elementor elementor-29267\" data-elementor-settings=\"[]\">\n\t\t\t\t\t\t<div class=\"elementor-inner\">\n\t\t\t\t\t\t\t<div class=\"elementor-section-wrap\">\n\t\t\t\t\t\t\t<section class=\"elementor-section elementor-top-section elementor-element elementor-element-9db914d elementor-section-boxed elementor-section-height-default elementor-section-height-default\" data-id=\"9db914d\" data-element_type=\"section\">\n\t\t\t\t\t\t<div class=\"elementor-container elementor-column-gap-default\">\n\t\t\t\t\t\t\t<div class=\"elementor-row\">\n\t\t\t\t\t<div class=\"elementor-column elementor-col-100 elementor-top-column elementor-element elementor-element-0cfee70\" data-id=\"0cfee70\" data-element_type=\"column\">\n\t\t\t<div class=\"elementor-column-wrap elementor-element-populated\">\n\t\t\t\t\t\t\t<div class=\"elementor-widget-wrap\">\n\t\t\t\t\t\t<div class=\"elementor-element elementor-element-13a47a1 elementor-widget elementor-widget-text-editor\" data-id=\"13a47a1\" data-element_type=\"widget\" data-widget_type=\"text-editor.default\">\n\t\t\t\t<div class=\"elementor-widget-container\">\n\t\t\t\t\t<div class=\"elementor-text-editor elementor-clearfix\"><p>CHETUMAL, 25 de marzo. Como parte de las acciones para el rescate y renovaci\u00f3n de espacios p\u00fablicos en la capital del Estado, as\u00ed como de construcci\u00f3n de la paz y reconstrucci\u00f3n del tejido social, la presidenta municipal de Oth\u00f3n P. Blanco, Yensunni Mart\u00ednez Hern\u00e1ndez, supervis\u00f3 el inicio de los trabajos de rehabilitaci\u00f3n del parque &#8220;De la Juventud&#8221;.<\/p><p>Luego de escuchar el sentir de las vecinas y vecinos de la zona, a quienes puso en el coraz\u00f3n de sus decisiones, la presidenta municipal Yensunni Mart\u00ednez puso manos a la obra y, a trav\u00e9s de la Direcci\u00f3n General de Servicios P\u00fablicos Municipales, iniciaron los trabajos de podado general y de pintura en cancha, barda y gradas; as\u00ed como el cambio de las canastas y tablero de la cancha, entre otras acciones complementarias.<\/p><p>&#8220;Por la Transformaci\u00f3n de nuestra capital y nuestro municipio, seguimos Transformando nuestros parques y dem\u00e1s espacios p\u00fablicos, para que nuestras ni\u00f1as, ni\u00f1os y j\u00f3venes tengan lugares dignos y seguros donde puedan desarrollarse de manera sana, feliz y alejados de conductas da\u00f1inas y autodestructivas&#8221;, puntualiz\u00f3 la alcaldesa capitalina.<\/p><p>Agradeci\u00f3 el valioso apoyo de la primera mujer gobernadora de Quintana Roo, Mara Lezama Espinosa, con quien se trabaja de la mano para que, a trav\u00e9s del Nuevo Acuerdo por el Bienestar y Desarrollo, se consolide el segundo piso de la Transformaci\u00f3n en Oth\u00f3n\u00a0P.\u00a0Blanco.<\/p><\/div>\n\t\t\t\t<\/div>\n\t\t\t\t<\/div>\n\t\t\t\t\t\t<\/div>\n\t\t\t\t\t<\/div>\n\t\t<\/div>\n\t\t\t\t\t\t\t\t<\/div>\n\t\t\t\t\t<\/div>\n\t\t<\/section>\n\t\t\t\t<section class=\"elementor-section elementor-top-section elementor-element elementor-element-620d56f elementor-section-boxed elementor-section-height-default elementor-section-height-default\" data-id=\"620d56f\" data-element_type=\"section\">\n\t\t\t\t\t\t<div class=\"elementor-container elementor-column-gap-default\">\n\t\t\t\t\t\t\t<div class=\"elementor-row\">\n\t\t\t\t\t<div class=\"elementor-column elementor-col-100 elementor-top-column elementor-element elementor-element-7b012d2\" data-id=\"7b012d2\" data-element_type=\"column\">\n\t\t\t<div class=\"elementor-column-wrap elementor-element-populated\">\n\t\t\t\t\t\t\t<div class=\"elementor-widget-wrap\">\n\t\t\t\t\t\t<div class=\"elementor-element elementor-element-dee6fa5 elementor-widget elementor-widget-image-gallery\" data-id=\"dee6fa5\" data-element_type=\"widget\" data-widget_type=\"image-gallery.default\">\n\t\t\t\t<div class=\"elementor-widget-container\">\n\t\t\t\t\t<div class=\"elementor-image-gallery\">\n\t\t\t<div id='gallery-1' class='gallery galleryid-29267 gallery-columns-4 gallery-size-medium'><figure class='gallery-item'>\n\t\t\t<div class='gallery-icon landscape'>\n\t\t\t\t<a data-elementor-open-lightbox=\"yes\" data-elementor-lightbox-slideshow=\"dee6fa5\" data-elementor-lightbox-title=\"Imagen de WhatsApp 2025-03-25 a las 16.15.13_54be5e2a\" href='https:\/\/www.opb.gob.mx\/portal\/wp-content\/uploads\/2025\/03\/Imagen-de-WhatsApp-2025-03-25-a-las-16.15.13_54be5e2a.jpg'><img width=\"768\" height=\"456\" src=\"https:\/\/www.opb.gob.mx\/portal\/wp-content\/uploads\/2025\/03\/Imagen-de-WhatsApp-2025-03-25-a-las-16.15.13_54be5e2a-768x456.jpg\" class=\"attachment-medium size-medium\" alt=\"\" loading=\"lazy\" srcset=\"https:\/\/www.opb.gob.mx\/portal\/wp-content\/uploads\/2025\/03\/Imagen-de-WhatsApp-2025-03-25-a-las-16.15.13_54be5e2a-768x456.jpg 768w, https:\/\/www.opb.gob.mx\/portal\/wp-content\/uploads\/2025\/03\/Imagen-de-WhatsApp-2025-03-25-a-las-16.15.13_54be5e2a-1170x694.jpg 1170w\" sizes=\"(max-width: 768px) 100vw, 768px\" \/><\/a>\n\t\t\t<\/div><\/figure><figure class='gallery-item'>\n\t\t\t<div class='gallery-icon landscape'>\n\t\t\t\t<a data-elementor-open-lightbox=\"yes\" data-elementor-lightbox-slideshow=\"dee6fa5\" data-elementor-lightbox-title=\"Imagen de WhatsApp 2025-03-25 a las 16.15.13_47ddab87\" href='https:\/\/www.opb.gob.mx\/portal\/wp-content\/uploads\/2025\/03\/Imagen-de-WhatsApp-2025-03-25-a-las-16.15.13_47ddab87.jpg'><img width=\"540\" height=\"360\" src=\"https:\/\/www.opb.gob.mx\/portal\/wp-content\/uploads\/2025\/03\/Imagen-de-WhatsApp-2025-03-25-a-las-16.15.13_47ddab87.jpg\" class=\"attachment-medium size-medium\" alt=\"\" loading=\"lazy\" \/><\/a>\n\t\t\t<\/div><\/figure><figure class='gallery-item'>\n\t\t\t<div class='gallery-icon landscape'>\n\t\t\t\t<a data-elementor-open-lightbox=\"yes\" data-elementor-lightbox-slideshow=\"dee6fa5\" data-elementor-lightbox-title=\"Imagen de WhatsApp 2025-03-25 a las 16.15.13_6db4c62b\" href='https:\/\/www.opb.gob.mx\/portal\/wp-content\/uploads\/2025\/03\/Imagen-de-WhatsApp-2025-03-25-a-las-16.15.13_6db4c62b.jpg'><img width=\"768\" height=\"456\" src=\"https:\/\/www.opb.gob.mx\/portal\/wp-content\/uploads\/2025\/03\/Imagen-de-WhatsApp-2025-03-25-a-las-16.15.13_6db4c62b-768x456.jpg\" class=\"attachment-medium size-medium\" alt=\"\" loading=\"lazy\" srcset=\"https:\/\/www.opb.gob.mx\/portal\/wp-content\/uploads\/2025\/03\/Imagen-de-WhatsApp-2025-03-25-a-las-16.15.13_6db4c62b-768x456.jpg 768w, https:\/\/www.opb.gob.mx\/portal\/wp-content\/uploads\/2025\/03\/Imagen-de-WhatsApp-2025-03-25-a-las-16.15.13_6db4c62b-1170x694.jpg 1170w\" sizes=\"(max-width: 768px) 100vw, 768px\" \/><\/a>\n\t\t\t<\/div><\/figure>\n\t\t<\/div>\n\t\t<\/div>\n\t\t\t\t<\/div>\n\t\t\t\t<\/div>\n\t\t\t\t\t\t<\/div>\n\t\t\t\t\t<\/div>\n\t\t<\/div>\n\t\t\t\t\t\t\t\t<\/div>\n\t\t\t\t\t<\/div>\n\t\t<\/section>\n\t\t\t\t\t\t<\/div>\n\t\t\t\t\t\t<\/div>\n\t\t\t\t\t<\/div>\n\t\t","protected":false},"excerpt":{"rendered":"<p>CHETUMAL, 25 de marzo. Como parte de las acciones para el rescate y renovaci\u00f3n de espacios p\u00fablicos en la capital del Estado, as\u00ed como de construcci\u00f3n de la paz y reconstrucci\u00f3n del tejido social, la presidenta municipal de Oth\u00f3n P. Blanco, Yensunni Mart\u00ednez Hern\u00e1ndez, supervis\u00f3 el inicio de los trabajos de rehabilitaci\u00f3n del parque &#8220;De la Juventud&#8221;. <\/p>\n","protected":false},"author":9,"featured_media":29271,"comment_status":"closed","ping_status":"open","sticky":false,"template":"","format":"standard","meta":[],"categories":[27],"tags":[],"_links":{"self":[{"href":"https:\/\/www.opb.gob.mx\/portal\/index.php?rest_route=\/wp\/v2\/posts\/29267"}],"collection":[{"href":"https:\/\/www.opb.gob.mx\/portal\/index.php?rest_route=\/wp\/v2\/posts"}],"about":[{"href":"https:\/\/www.opb.gob.mx\/portal\/index.php?rest_route=\/wp\/v2\/types\/post"}],"author":[{"embeddable":true,"href":"https:\/\/www.opb.gob.mx\/portal\/index.php?rest_route=\/wp\/v2\/users\/9"}],"replies":[{"embeddable":true,"href":"https:\/\/www.opb.gob.mx\/portal\/index.php?rest_route=%2Fwp%2Fv2%2Fcomments&post=29267"}],"version-history":[{"count":2,"href":"https:\/\/www.opb.gob.mx\/portal\/index.php?rest_route=\/wp\/v2\/posts\/29267\/revisions"}],"predecessor-version":[{"id":29272,"href":"https:\/\/www.opb.gob.mx\/portal\/index.php?rest_route=\/wp\/v2\/posts\/29267\/revisions\/29272"}],"wp:featuredmedia":[{"embeddable":true,"href":"https:\/\/www.opb.gob.mx\/portal\/index.php?rest_route=\/wp\/v2\/media\/29271"}],"wp:attachment":[{"href":"https:\/\/www.opb.gob.mx\/portal\/index.php?rest_route=%2Fwp%2Fv2%2Fmedia&parent=29267"}],"wp:term":[{"taxonomy":"category","embeddable":true,"href":"https:\/\/www.opb.gob.mx\/portal\/index.php?rest_route=%2Fwp%2Fv2%2Fcategories&post=29267"},{"taxonomy":"post_tag","embeddable":true,"href":"https:\/\/www.opb.gob.mx\/portal\/index.php?rest_route=%2Fwp%2Fv2%2Ftags&post=29267"}],"curies":[{"name":"wp","href":"https:\/\/api.w.org\/{rel}","templated":true}]}}