{"id":29801,"date":"2026-03-13T21:00:00","date_gmt":"2026-03-13T21:00:00","guid":{"rendered":"http:\/\/www.opb.gob.mx\/portal\/?p=29801"},"modified":"2026-03-14T03:03:32","modified_gmt":"2026-03-14T03:03:32","slug":"realizan-taller-sobre-manejo-y-atencion-de-fauna-silvestre-en-el-zoologico-payo-obispo","status":"publish","type":"post","link":"https:\/\/www.opb.gob.mx\/portal\/?p=29801","title":{"rendered":"Realizan taller sobre manejo y atenci\u00f3n de fauna silvestre en el Zool\u00f3gico Payo Obispo."},"content":{"rendered":"\n<p><\/p>\n\n\n\n<p>Chetumal, 13 de marzo.\u2014 Con el objetivo de fortalecer la cultura de protecci\u00f3n y conservaci\u00f3n de la biodiversidad, se realiz\u00f3 un taller sobre el manejo y atenci\u00f3n de fauna silvestre en el Jard\u00edn Zool\u00f3gico Payo Obispo, dirigido a estudiantes y personal del recinto.<\/p>\n\n\n\n<p>La capacitaci\u00f3n fue impartida por el bi\u00f3logo Jonathan Santiago y el m\u00e9dico veterinario zootecnista \u00c1ngel Tzuc Salinas, quienes explicaron a estudiantes de la Licenciatura en Biolog\u00eda del Instituto Tecnol\u00f3gico de Chetumal y a personal del zool\u00f3gico qu\u00e9 hacer cuando se encuentra un ejemplar fuera de su h\u00e1bitat natural.<\/p>\n\n\n\n<p>Durante la actividad se destac\u00f3 que lo m\u00e1s importante es no manipular al animal y realizar el reporte al 911, proporcionando la ubicaci\u00f3n y se\u00f1alando si el ejemplar est\u00e1 vivo, herido o muerto. Asimismo, se dio a conocer el protocolo que siguen las autoridades, el cual contempla la atenci\u00f3n al reporte, la captura y contenci\u00f3n segura del ejemplar, la valoraci\u00f3n por especialistas y su resguardo temporal o liberaci\u00f3n, dependiendo de su estado de salud.<\/p>\n\n\n\n<p>Como parte del taller se realiz\u00f3 una demostraci\u00f3n pr\u00e1ctica de manejo de fauna silvestre con una boa y un puercoesp\u00edn, con fines educativos. La actividad se desarroll\u00f3 en el Jard\u00edn Zool\u00f3gico Payo Obispo, dirigido por Bianca Loreto Novelo Dur\u00e1n, como parte de las acciones impulsadas por el Ayuntamiento de Oth\u00f3n P. Blanco, encabezado por la presidenta municipal Yensunni Mart\u00ednez Hern\u00e1ndez, para fomentar la educaci\u00f3n ambiental y la protecci\u00f3n de la fauna silvestre.<\/p>\n\n\n\n<figure class=\"wp-block-gallery columns-3 is-cropped\"><ul class=\"blocks-gallery-grid\"><li class=\"blocks-gallery-item\"><figure><img loading=\"lazy\" width=\"1170\" height=\"694\" src=\"https:\/\/www.opb.gob.mx\/portal\/wp-content\/uploads\/2026\/03\/179496fe-f815-41a8-9c2f-26953453698f-1-1170x694.jpeg\" alt=\"\" data-id=\"29803\" data-full-url=\"https:\/\/www.opb.gob.mx\/portal\/wp-content\/uploads\/2026\/03\/179496fe-f815-41a8-9c2f-26953453698f-1-scaled.jpeg\" data-link=\"https:\/\/www.opb.gob.mx\/portal\/?attachment_id=29803\" class=\"wp-image-29803\" srcset=\"https:\/\/www.opb.gob.mx\/portal\/wp-content\/uploads\/2026\/03\/179496fe-f815-41a8-9c2f-26953453698f-1-1170x694.jpeg 1170w, https:\/\/www.opb.gob.mx\/portal\/wp-content\/uploads\/2026\/03\/179496fe-f815-41a8-9c2f-26953453698f-1-768x456.jpeg 768w\" sizes=\"(max-width: 1170px) 100vw, 1170px\" \/><\/figure><\/li><li class=\"blocks-gallery-item\"><figure><img loading=\"lazy\" width=\"1170\" height=\"694\" src=\"https:\/\/www.opb.gob.mx\/portal\/wp-content\/uploads\/2026\/03\/4f5889eb-d7a9-41b6-b7a1-56b7530467bb-1170x694.jpeg\" alt=\"\" data-id=\"29804\" data-full-url=\"https:\/\/www.opb.gob.mx\/portal\/wp-content\/uploads\/2026\/03\/4f5889eb-d7a9-41b6-b7a1-56b7530467bb-scaled.jpeg\" data-link=\"https:\/\/www.opb.gob.mx\/portal\/?attachment_id=29804\" class=\"wp-image-29804\" srcset=\"https:\/\/www.opb.gob.mx\/portal\/wp-content\/uploads\/2026\/03\/4f5889eb-d7a9-41b6-b7a1-56b7530467bb-1170x694.jpeg 1170w, https:\/\/www.opb.gob.mx\/portal\/wp-content\/uploads\/2026\/03\/4f5889eb-d7a9-41b6-b7a1-56b7530467bb-768x456.jpeg 768w\" sizes=\"(max-width: 1170px) 100vw, 1170px\" \/><\/figure><\/li><li class=\"blocks-gallery-item\"><figure><img loading=\"lazy\" width=\"1170\" height=\"694\" src=\"https:\/\/www.opb.gob.mx\/portal\/wp-content\/uploads\/2026\/03\/e64b13b2-b729-400c-988f-ff1e363b5328-1170x694.jpeg\" alt=\"\" data-id=\"29805\" data-full-url=\"https:\/\/www.opb.gob.mx\/portal\/wp-content\/uploads\/2026\/03\/e64b13b2-b729-400c-988f-ff1e363b5328-scaled.jpeg\" data-link=\"https:\/\/www.opb.gob.mx\/portal\/?attachment_id=29805\" class=\"wp-image-29805\" srcset=\"https:\/\/www.opb.gob.mx\/portal\/wp-content\/uploads\/2026\/03\/e64b13b2-b729-400c-988f-ff1e363b5328-1170x694.jpeg 1170w, https:\/\/www.opb.gob.mx\/portal\/wp-content\/uploads\/2026\/03\/e64b13b2-b729-400c-988f-ff1e363b5328-768x456.jpeg 768w\" sizes=\"(max-width: 1170px) 100vw, 1170px\" \/><\/figure><\/li><li class=\"blocks-gallery-item\"><figure><img loading=\"lazy\" width=\"1170\" height=\"694\" src=\"https:\/\/www.opb.gob.mx\/portal\/wp-content\/uploads\/2026\/03\/f8aaef49-64ac-42a9-96aa-20817350be04-1170x694.jpeg\" alt=\"\" data-id=\"29806\" data-full-url=\"https:\/\/www.opb.gob.mx\/portal\/wp-content\/uploads\/2026\/03\/f8aaef49-64ac-42a9-96aa-20817350be04-scaled.jpeg\" data-link=\"https:\/\/www.opb.gob.mx\/portal\/?attachment_id=29806\" class=\"wp-image-29806\" srcset=\"https:\/\/www.opb.gob.mx\/portal\/wp-content\/uploads\/2026\/03\/f8aaef49-64ac-42a9-96aa-20817350be04-1170x694.jpeg 1170w, https:\/\/www.opb.gob.mx\/portal\/wp-content\/uploads\/2026\/03\/f8aaef49-64ac-42a9-96aa-20817350be04-768x456.jpeg 768w\" sizes=\"(max-width: 1170px) 100vw, 1170px\" \/><\/figure><\/li><li class=\"blocks-gallery-item\"><figure><img loading=\"lazy\" width=\"1170\" height=\"694\" src=\"https:\/\/www.opb.gob.mx\/portal\/wp-content\/uploads\/2026\/03\/ef102d86-c874-44cb-b2d4-d82fa3bb957d-1170x694.jpeg\" alt=\"\" data-id=\"29807\" data-full-url=\"https:\/\/www.opb.gob.mx\/portal\/wp-content\/uploads\/2026\/03\/ef102d86-c874-44cb-b2d4-d82fa3bb957d-scaled.jpeg\" data-link=\"https:\/\/www.opb.gob.mx\/portal\/?attachment_id=29807\" class=\"wp-image-29807\" srcset=\"https:\/\/www.opb.gob.mx\/portal\/wp-content\/uploads\/2026\/03\/ef102d86-c874-44cb-b2d4-d82fa3bb957d-1170x694.jpeg 1170w, https:\/\/www.opb.gob.mx\/portal\/wp-content\/uploads\/2026\/03\/ef102d86-c874-44cb-b2d4-d82fa3bb957d-768x456.jpeg 768w\" sizes=\"(max-width: 1170px) 100vw, 1170px\" \/><\/figure><\/li><li class=\"blocks-gallery-item\"><figure><img loading=\"lazy\" width=\"1170\" height=\"694\" src=\"https:\/\/www.opb.gob.mx\/portal\/wp-content\/uploads\/2026\/03\/86d900ff-750f-4c46-8304-b6fb4da339a6-1170x694.jpeg\" alt=\"\" data-id=\"29808\" data-full-url=\"https:\/\/www.opb.gob.mx\/portal\/wp-content\/uploads\/2026\/03\/86d900ff-750f-4c46-8304-b6fb4da339a6-scaled.jpeg\" data-link=\"https:\/\/www.opb.gob.mx\/portal\/?attachment_id=29808\" class=\"wp-image-29808\" srcset=\"https:\/\/www.opb.gob.mx\/portal\/wp-content\/uploads\/2026\/03\/86d900ff-750f-4c46-8304-b6fb4da339a6-1170x694.jpeg 1170w, https:\/\/www.opb.gob.mx\/portal\/wp-content\/uploads\/2026\/03\/86d900ff-750f-4c46-8304-b6fb4da339a6-768x456.jpeg 768w\" sizes=\"(max-width: 1170px) 100vw, 1170px\" \/><\/figure><\/li><li class=\"blocks-gallery-item\"><figure><img loading=\"lazy\" width=\"1170\" height=\"694\" src=\"https:\/\/www.opb.gob.mx\/portal\/wp-content\/uploads\/2026\/03\/c7ff793c-3bcb-4e4b-a1e7-7e267a915d1d-1170x694.jpeg\" alt=\"\" data-id=\"29809\" data-full-url=\"https:\/\/www.opb.gob.mx\/portal\/wp-content\/uploads\/2026\/03\/c7ff793c-3bcb-4e4b-a1e7-7e267a915d1d-scaled.jpeg\" data-link=\"https:\/\/www.opb.gob.mx\/portal\/?attachment_id=29809\" class=\"wp-image-29809\" srcset=\"https:\/\/www.opb.gob.mx\/portal\/wp-content\/uploads\/2026\/03\/c7ff793c-3bcb-4e4b-a1e7-7e267a915d1d-1170x694.jpeg 1170w, https:\/\/www.opb.gob.mx\/portal\/wp-content\/uploads\/2026\/03\/c7ff793c-3bcb-4e4b-a1e7-7e267a915d1d-768x456.jpeg 768w\" sizes=\"(max-width: 1170px) 100vw, 1170px\" \/><\/figure><\/li><\/ul><\/figure>\n","protected":false},"excerpt":{"rendered":"<p>Chetumal, 13 de marzo.\u2014 Con el objetivo de fortalecer la cultura de protecci\u00f3n y conservaci\u00f3n de la biodiversidad, se realiz\u00f3 un taller sobre el manejo y atenci\u00f3n de fauna silvestre en el Jard\u00edn Zool\u00f3gico Payo Obispo, dirigido a estudiantes y personal del recinto. La capacitaci\u00f3n fue impartida por el bi\u00f3logo Jonathan Santiago y el m\u00e9dico<\/p>\n","protected":false},"author":13,"featured_media":29802,"comment_status":"open","ping_status":"open","sticky":false,"template":"","format":"standard","meta":[],"categories":[27],"tags":[],"_links":{"self":[{"href":"https:\/\/www.opb.gob.mx\/portal\/index.php?rest_route=\/wp\/v2\/posts\/29801"}],"collection":[{"href":"https:\/\/www.opb.gob.mx\/portal\/index.php?rest_route=\/wp\/v2\/posts"}],"about":[{"href":"https:\/\/www.opb.gob.mx\/portal\/index.php?rest_route=\/wp\/v2\/types\/post"}],"author":[{"embeddable":true,"href":"https:\/\/www.opb.gob.mx\/portal\/index.php?rest_route=\/wp\/v2\/users\/13"}],"replies":[{"embeddable":true,"href":"https:\/\/www.opb.gob.mx\/portal\/index.php?rest_route=%2Fwp%2Fv2%2Fcomments&post=29801"}],"version-history":[{"count":1,"href":"https:\/\/www.opb.gob.mx\/portal\/index.php?rest_route=\/wp\/v2\/posts\/29801\/revisions"}],"predecessor-version":[{"id":29810,"href":"https:\/\/www.opb.gob.mx\/portal\/index.php?rest_route=\/wp\/v2\/posts\/29801\/revisions\/29810"}],"wp:featuredmedia":[{"embeddable":true,"href":"https:\/\/www.opb.gob.mx\/portal\/index.php?rest_route=\/wp\/v2\/media\/29802"}],"wp:attachment":[{"href":"https:\/\/www.opb.gob.mx\/portal\/index.php?rest_route=%2Fwp%2Fv2%2Fmedia&parent=29801"}],"wp:term":[{"taxonomy":"category","embeddable":true,"href":"https:\/\/www.opb.gob.mx\/portal\/index.php?rest_route=%2Fwp%2Fv2%2Fcategories&post=29801"},{"taxonomy":"post_tag","embeddable":true,"href":"https:\/\/www.opb.gob.mx\/portal\/index.php?rest_route=%2Fwp%2Fv2%2Ftags&post=29801"}],"curies":[{"name":"wp","href":"https:\/\/api.w.org\/{rel}","templated":true}]}}