{"id":29876,"date":"2026-03-17T17:31:35","date_gmt":"2026-03-17T17:31:35","guid":{"rendered":"http:\/\/www.opb.gob.mx\/portal\/?p=29876"},"modified":"2026-03-17T17:31:37","modified_gmt":"2026-03-17T17:31:37","slug":"capacitacion-fortalece-la-proteccion-de-selvas-y-comunidades-ante-incendios-forestales-en-othon-p-blanco","status":"publish","type":"post","link":"https:\/\/www.opb.gob.mx\/portal\/?p=29876","title":{"rendered":"Capacitaci\u00f3n fortalece la protecci\u00f3n de selvas y comunidades ante incendios forestales en Oth\u00f3n P. Blanco."},"content":{"rendered":"\n<p>Con el objetivo de prevenir incendios forestales y proteger tanto a las familias como a las selvas del municipio de Oth\u00f3n P. Blanco, se realizan cursos de capacitaci\u00f3n en la zona rural para que las familias sepan qu\u00e9 hacer ante una situaci\u00f3n de emergencia.<\/p>\n\n\n\n<p>Por instrucciones de la presidenta municipal, Yensunni Mart\u00ednez Hern\u00e1ndez, la Direcci\u00f3n de Desarrollo Rural a cargo de Alfredo Ceballos Santiago realiz\u00f3 el Curso B\u00e1sico para Combatientes de Incendios Forestales, impartido por el instructor Francisco Javier May Ek. En la capacitaci\u00f3n participaron 19 personas, quienes fortalecieron sus conocimientos en prevenci\u00f3n, detecci\u00f3n, control y combate del fuego.<\/p>\n\n\n\n<p>Durante la jornada se abordaron temas como el comportamiento del fuego, la interacci\u00f3n entre topograf\u00eda, combustibles y condiciones atmosf\u00e9ricas, as\u00ed como protocolos de seguridad, rutas de escape y t\u00e9cnicas de supresi\u00f3n y liquidaci\u00f3n. Estas acciones permiten mejorar la respuesta ante incendios, proteger las selvas de Oth\u00f3n P. Blanco.<\/p>\n","protected":false},"excerpt":{"rendered":"<p>Con el objetivo de prevenir incendios forestales y proteger tanto a las familias como a las selvas del municipio de Oth\u00f3n P. Blanco, se realizan cursos de capacitaci\u00f3n en la zona rural para que las familias sepan qu\u00e9 hacer ante una situaci\u00f3n de emergencia. Por instrucciones de la presidenta municipal, Yensunni Mart\u00ednez Hern\u00e1ndez, la Direcci\u00f3n<\/p>\n","protected":false},"author":13,"featured_media":29877,"comment_status":"open","ping_status":"open","sticky":false,"template":"","format":"standard","meta":[],"categories":[27],"tags":[],"_links":{"self":[{"href":"https:\/\/www.opb.gob.mx\/portal\/index.php?rest_route=\/wp\/v2\/posts\/29876"}],"collection":[{"href":"https:\/\/www.opb.gob.mx\/portal\/index.php?rest_route=\/wp\/v2\/posts"}],"about":[{"href":"https:\/\/www.opb.gob.mx\/portal\/index.php?rest_route=\/wp\/v2\/types\/post"}],"author":[{"embeddable":true,"href":"https:\/\/www.opb.gob.mx\/portal\/index.php?rest_route=\/wp\/v2\/users\/13"}],"replies":[{"embeddable":true,"href":"https:\/\/www.opb.gob.mx\/portal\/index.php?rest_route=%2Fwp%2Fv2%2Fcomments&post=29876"}],"version-history":[{"count":1,"href":"https:\/\/www.opb.gob.mx\/portal\/index.php?rest_route=\/wp\/v2\/posts\/29876\/revisions"}],"predecessor-version":[{"id":29878,"href":"https:\/\/www.opb.gob.mx\/portal\/index.php?rest_route=\/wp\/v2\/posts\/29876\/revisions\/29878"}],"wp:featuredmedia":[{"embeddable":true,"href":"https:\/\/www.opb.gob.mx\/portal\/index.php?rest_route=\/wp\/v2\/media\/29877"}],"wp:attachment":[{"href":"https:\/\/www.opb.gob.mx\/portal\/index.php?rest_route=%2Fwp%2Fv2%2Fmedia&parent=29876"}],"wp:term":[{"taxonomy":"category","embeddable":true,"href":"https:\/\/www.opb.gob.mx\/portal\/index.php?rest_route=%2Fwp%2Fv2%2Fcategories&post=29876"},{"taxonomy":"post_tag","embeddable":true,"href":"https:\/\/www.opb.gob.mx\/portal\/index.php?rest_route=%2Fwp%2Fv2%2Ftags&post=29876"}],"curies":[{"name":"wp","href":"https:\/\/api.w.org\/{rel}","templated":true}]}}