{"id":30221,"date":"2026-04-30T22:12:00","date_gmt":"2026-04-30T22:12:00","guid":{"rendered":"http:\/\/www.opb.gob.mx\/portal\/?p=30221"},"modified":"2026-05-01T17:18:38","modified_gmt":"2026-05-01T17:18:38","slug":"la-alameda-sera-sede-de-la-sesion-solemne-por-el-aniversario-de-la-fundacion-de-chetumal","status":"publish","type":"post","link":"https:\/\/www.opb.gob.mx\/portal\/?p=30221","title":{"rendered":"La Alameda ser\u00e1 sede de la Sesi\u00f3n Solemne por el aniversario de la fundaci\u00f3n de Chetumal."},"content":{"rendered":"\n<p>Chetumal, 30 de abril. El Cabildo del Municipio de Oth\u00f3n P. Blanco aprob\u00f3 por unanimidad la designaci\u00f3n de la Alameda \u201cGeneral L\u00e1zaro C\u00e1rdenas del R\u00edo\u201d, como recinto oficial para la celebraci\u00f3n de la Sesi\u00f3n Solemne con motivo del aniversario de la fundaci\u00f3n de Payo Obispo, hoy ciudad Chetumal, a realizarse el pr\u00f3ximo 5 de mayo.<\/p>\n\n\n\n<p>Esta celebraci\u00f3n tiene como objetivo rendir un merecido reconocimiento a nuestra ciudad capital, que en sus inicios llev\u00f3 el nombre de Payo Obispo, en el marco de su 128 aniversario de fundaci\u00f3n; una ocasi\u00f3n para reconocer nuestras ra\u00edces, fortalecer nuestra identidad, celebrar con dignidad y honrar la historia que nos une.<\/p>\n\n\n\n<p>Es necesario mencionar que, esta sesi\u00f3n solemne qued\u00f3 instaurada para que se realice de manera anual como una tradici\u00f3n c\u00edvica.<\/p>\n\n\n\n<p>Durante la sesi\u00f3n tambi\u00e9n se aprob\u00f3 la integraci\u00f3n de la Comisi\u00f3n de Cortes\u00eda que recibir\u00e1 y acompa\u00f1ar\u00e1 al pres\u00eddium a las y los representantes oficiales de los Poderes Ejecutivo, Legislativo y Judicial del Estado. Dicha comisi\u00f3n estar\u00e1 conformada por las regidoras, Mar\u00eda del Carmen Garc\u00eda Guevara y Florentina Barranco Aguilar; as\u00ed como del regidor, Pablo Zariel Campos Espinosa.<\/p>\n\n\n\n<figure class=\"wp-block-image size-large\"><img loading=\"lazy\" width=\"1170\" height=\"694\" src=\"https:\/\/www.opb.gob.mx\/portal\/wp-content\/uploads\/2026\/05\/2-1170x694.jpeg\" alt=\"\" class=\"wp-image-30223\" srcset=\"https:\/\/www.opb.gob.mx\/portal\/wp-content\/uploads\/2026\/05\/2-1170x694.jpeg 1170w, https:\/\/www.opb.gob.mx\/portal\/wp-content\/uploads\/2026\/05\/2-768x456.jpeg 768w\" sizes=\"(max-width: 1170px) 100vw, 1170px\" \/><\/figure>\n\n\n\n<figure class=\"wp-block-image size-large\"><img loading=\"lazy\" width=\"1170\" height=\"694\" src=\"https:\/\/www.opb.gob.mx\/portal\/wp-content\/uploads\/2026\/05\/3-1170x694.jpeg\" alt=\"\" class=\"wp-image-30224\" srcset=\"https:\/\/www.opb.gob.mx\/portal\/wp-content\/uploads\/2026\/05\/3-1170x694.jpeg 1170w, https:\/\/www.opb.gob.mx\/portal\/wp-content\/uploads\/2026\/05\/3-768x456.jpeg 768w\" sizes=\"(max-width: 1170px) 100vw, 1170px\" \/><\/figure>\n","protected":false},"excerpt":{"rendered":"<p>Chetumal, 30 de abril. El Cabildo del Municipio de Oth\u00f3n P. Blanco aprob\u00f3 por unanimidad la designaci\u00f3n de la Alameda \u201cGeneral L\u00e1zaro C\u00e1rdenas del R\u00edo\u201d, como recinto oficial para la celebraci\u00f3n de la Sesi\u00f3n Solemne con motivo del aniversario de la fundaci\u00f3n de Payo Obispo, hoy ciudad Chetumal, a realizarse el pr\u00f3ximo 5 de mayo.<\/p>\n","protected":false},"author":13,"featured_media":30222,"comment_status":"open","ping_status":"open","sticky":false,"template":"","format":"standard","meta":[],"categories":[27],"tags":[80,98,99],"_links":{"self":[{"href":"https:\/\/www.opb.gob.mx\/portal\/index.php?rest_route=\/wp\/v2\/posts\/30221"}],"collection":[{"href":"https:\/\/www.opb.gob.mx\/portal\/index.php?rest_route=\/wp\/v2\/posts"}],"about":[{"href":"https:\/\/www.opb.gob.mx\/portal\/index.php?rest_route=\/wp\/v2\/types\/post"}],"author":[{"embeddable":true,"href":"https:\/\/www.opb.gob.mx\/portal\/index.php?rest_route=\/wp\/v2\/users\/13"}],"replies":[{"embeddable":true,"href":"https:\/\/www.opb.gob.mx\/portal\/index.php?rest_route=%2Fwp%2Fv2%2Fcomments&post=30221"}],"version-history":[{"count":1,"href":"https:\/\/www.opb.gob.mx\/portal\/index.php?rest_route=\/wp\/v2\/posts\/30221\/revisions"}],"predecessor-version":[{"id":30225,"href":"https:\/\/www.opb.gob.mx\/portal\/index.php?rest_route=\/wp\/v2\/posts\/30221\/revisions\/30225"}],"wp:featuredmedia":[{"embeddable":true,"href":"https:\/\/www.opb.gob.mx\/portal\/index.php?rest_route=\/wp\/v2\/media\/30222"}],"wp:attachment":[{"href":"https:\/\/www.opb.gob.mx\/portal\/index.php?rest_route=%2Fwp%2Fv2%2Fmedia&parent=30221"}],"wp:term":[{"taxonomy":"category","embeddable":true,"href":"https:\/\/www.opb.gob.mx\/portal\/index.php?rest_route=%2Fwp%2Fv2%2Fcategories&post=30221"},{"taxonomy":"post_tag","embeddable":true,"href":"https:\/\/www.opb.gob.mx\/portal\/index.php?rest_route=%2Fwp%2Fv2%2Ftags&post=30221"}],"curies":[{"name":"wp","href":"https:\/\/api.w.org\/{rel}","templated":true}]}}