{"id":30238,"date":"2026-05-01T14:10:01","date_gmt":"2026-05-01T14:10:01","guid":{"rendered":"http:\/\/www.opb.gob.mx\/portal\/?p=30238"},"modified":"2026-05-01T23:36:06","modified_gmt":"2026-05-01T23:36:06","slug":"en-el-marco-de-su-128-aniversario-chetumal-celebrara-la-feria-del-queso-de-bola-en-el-paseo-heroes","status":"publish","type":"post","link":"https:\/\/www.opb.gob.mx\/portal\/?p=30238","title":{"rendered":"En el marco de su 128 aniversario, Chetumal celebrar\u00e1 la Feria del Queso de Bola en el \u201cPaseo H\u00e9roes\u201d."},"content":{"rendered":"\n<p>En conferencia de prensa, el Ayuntamiento de Oth\u00f3n P. Blanco anunci\u00f3 la realizaci\u00f3n de la 7\u00aa edici\u00f3n de la Feria del Queso de Bola, como parte de las actividades conmemorativas por el 128 aniversario de la fundaci\u00f3n de Payo Obispo, hoy ciudad Chetumal, consolid\u00e1ndose como una de las celebraciones m\u00e1s representativas de la capital.<\/p>\n\n\n\n<p>El organizador del evento, Delmar Brice\u00f1o, inform\u00f3 que la feria se llevar\u00e1 a cabo los d\u00edas 2 y 3 de mayo, en un horario de 17:00 a 22:00 horas, sobre la avenida de los H\u00e9roes, entre \u00c1lvaro Obreg\u00f3n y Carmen Ochoa de Merino. Las y los asistentes podr\u00e1n disfrutar de una amplia oferta gastron\u00f3mica basada en el tradicional queso de bola, as\u00ed como de un corredor artesanal y un pabell\u00f3n tur\u00edstico con destinos emblem\u00e1ticos como Chetumal, Calderitas, Xul-H\u00e1, Mahahual, Xcalak, R\u00edo Hondo y Huay Pix.<\/p>\n\n\n\n<p>Por su parte, la directora del Instituto Municipal de la Econom\u00eda Social (IMES), Rossana Ayala Ram\u00edrez, explic\u00f3 que la feria se desarrollar\u00e1 a trav\u00e9s del programa \u201cPaseo H\u00e9roes\u201d, integrando gastronom\u00eda, m\u00fasica, cultura y turismo en un ambiente familiar, con la participaci\u00f3n de m\u00e1s de 120 expositores, entre artesanos, productores, emprendedores y prestadores de servicios tur\u00edsticos. El evento tiene como objetivo incentivar la econom\u00eda local, promover la gastronom\u00eda regional y difundir el talento art\u00edstico chetumale\u00f1o.<\/p>\n\n\n\n<p>Asimismo, se inform\u00f3 que la Polic\u00eda Municipal implementar\u00e1 un operativo de seguridad antes, durante y despu\u00e9s del evento, con cierres viales estrat\u00e9gicos en la zona. Con esta iniciativa, el gobierno municipal que preside Yensunni Mart\u00ednez Hern\u00e1ndez conmemora la fundaci\u00f3n de Chetumal mediante actividades que promueven la convivencia, fortalecen la identidad local e impulsan la econom\u00eda y el turismo en Oth\u00f3n P. Blanco.<\/p>\n\n\n\n<figure class=\"wp-block-gallery columns-3 is-cropped\"><ul class=\"blocks-gallery-grid\"><li class=\"blocks-gallery-item\"><figure><img loading=\"lazy\" width=\"1170\" height=\"694\" src=\"https:\/\/www.opb.gob.mx\/portal\/wp-content\/uploads\/2026\/05\/2-3-1170x694.jpeg\" alt=\"\" data-id=\"30249\" data-full-url=\"https:\/\/www.opb.gob.mx\/portal\/wp-content\/uploads\/2026\/05\/2-3-scaled.jpeg\" data-link=\"https:\/\/www.opb.gob.mx\/portal\/?attachment_id=30249\" class=\"wp-image-30249\" srcset=\"https:\/\/www.opb.gob.mx\/portal\/wp-content\/uploads\/2026\/05\/2-3-1170x694.jpeg 1170w, https:\/\/www.opb.gob.mx\/portal\/wp-content\/uploads\/2026\/05\/2-3-768x456.jpeg 768w\" sizes=\"(max-width: 1170px) 100vw, 1170px\" \/><\/figure><\/li><li class=\"blocks-gallery-item\"><figure><img loading=\"lazy\" width=\"1170\" height=\"694\" src=\"https:\/\/www.opb.gob.mx\/portal\/wp-content\/uploads\/2026\/05\/3-3-1170x694.jpeg\" alt=\"\" data-id=\"30250\" data-full-url=\"https:\/\/www.opb.gob.mx\/portal\/wp-content\/uploads\/2026\/05\/3-3-scaled.jpeg\" data-link=\"https:\/\/www.opb.gob.mx\/portal\/?attachment_id=30250\" class=\"wp-image-30250\" srcset=\"https:\/\/www.opb.gob.mx\/portal\/wp-content\/uploads\/2026\/05\/3-3-1170x694.jpeg 1170w, https:\/\/www.opb.gob.mx\/portal\/wp-content\/uploads\/2026\/05\/3-3-768x456.jpeg 768w\" sizes=\"(max-width: 1170px) 100vw, 1170px\" \/><\/figure><\/li><li class=\"blocks-gallery-item\"><figure><img loading=\"lazy\" width=\"1170\" height=\"694\" src=\"https:\/\/www.opb.gob.mx\/portal\/wp-content\/uploads\/2026\/05\/4-2-1170x694.jpeg\" alt=\"\" data-id=\"30251\" data-full-url=\"https:\/\/www.opb.gob.mx\/portal\/wp-content\/uploads\/2026\/05\/4-2-scaled.jpeg\" data-link=\"https:\/\/www.opb.gob.mx\/portal\/?attachment_id=30251\" class=\"wp-image-30251\" srcset=\"https:\/\/www.opb.gob.mx\/portal\/wp-content\/uploads\/2026\/05\/4-2-1170x694.jpeg 1170w, https:\/\/www.opb.gob.mx\/portal\/wp-content\/uploads\/2026\/05\/4-2-768x456.jpeg 768w\" sizes=\"(max-width: 1170px) 100vw, 1170px\" \/><\/figure><\/li><li class=\"blocks-gallery-item\"><figure><img loading=\"lazy\" width=\"1170\" height=\"694\" src=\"https:\/\/www.opb.gob.mx\/portal\/wp-content\/uploads\/2026\/05\/5-2-1170x694.jpeg\" alt=\"\" data-id=\"30252\" data-full-url=\"https:\/\/www.opb.gob.mx\/portal\/wp-content\/uploads\/2026\/05\/5-2-scaled.jpeg\" data-link=\"https:\/\/www.opb.gob.mx\/portal\/?attachment_id=30252\" class=\"wp-image-30252\" srcset=\"https:\/\/www.opb.gob.mx\/portal\/wp-content\/uploads\/2026\/05\/5-2-1170x694.jpeg 1170w, https:\/\/www.opb.gob.mx\/portal\/wp-content\/uploads\/2026\/05\/5-2-768x456.jpeg 768w\" sizes=\"(max-width: 1170px) 100vw, 1170px\" \/><\/figure><\/li><li class=\"blocks-gallery-item\"><figure><img loading=\"lazy\" width=\"1170\" height=\"694\" src=\"https:\/\/www.opb.gob.mx\/portal\/wp-content\/uploads\/2026\/05\/6-2-1170x694.jpeg\" alt=\"\" data-id=\"30253\" data-full-url=\"https:\/\/www.opb.gob.mx\/portal\/wp-content\/uploads\/2026\/05\/6-2-scaled.jpeg\" data-link=\"https:\/\/www.opb.gob.mx\/portal\/?attachment_id=30253\" class=\"wp-image-30253\" srcset=\"https:\/\/www.opb.gob.mx\/portal\/wp-content\/uploads\/2026\/05\/6-2-1170x694.jpeg 1170w, https:\/\/www.opb.gob.mx\/portal\/wp-content\/uploads\/2026\/05\/6-2-768x456.jpeg 768w\" sizes=\"(max-width: 1170px) 100vw, 1170px\" \/><\/figure><\/li><li class=\"blocks-gallery-item\"><figure><img loading=\"lazy\" width=\"1170\" height=\"694\" src=\"https:\/\/www.opb.gob.mx\/portal\/wp-content\/uploads\/2026\/05\/7-2-1170x694.jpeg\" alt=\"\" data-id=\"30254\" data-full-url=\"https:\/\/www.opb.gob.mx\/portal\/wp-content\/uploads\/2026\/05\/7-2-scaled.jpeg\" data-link=\"https:\/\/www.opb.gob.mx\/portal\/?attachment_id=30254\" class=\"wp-image-30254\" srcset=\"https:\/\/www.opb.gob.mx\/portal\/wp-content\/uploads\/2026\/05\/7-2-1170x694.jpeg 1170w, https:\/\/www.opb.gob.mx\/portal\/wp-content\/uploads\/2026\/05\/7-2-768x456.jpeg 768w\" sizes=\"(max-width: 1170px) 100vw, 1170px\" \/><\/figure><\/li><li class=\"blocks-gallery-item\"><figure><img loading=\"lazy\" width=\"1170\" height=\"694\" src=\"https:\/\/www.opb.gob.mx\/portal\/wp-content\/uploads\/2026\/05\/8-2-1170x694.jpeg\" alt=\"\" data-id=\"30255\" data-full-url=\"https:\/\/www.opb.gob.mx\/portal\/wp-content\/uploads\/2026\/05\/8-2-scaled.jpeg\" data-link=\"https:\/\/www.opb.gob.mx\/portal\/?attachment_id=30255\" class=\"wp-image-30255\" srcset=\"https:\/\/www.opb.gob.mx\/portal\/wp-content\/uploads\/2026\/05\/8-2-1170x694.jpeg 1170w, https:\/\/www.opb.gob.mx\/portal\/wp-content\/uploads\/2026\/05\/8-2-768x456.jpeg 768w\" sizes=\"(max-width: 1170px) 100vw, 1170px\" \/><\/figure><\/li><li class=\"blocks-gallery-item\"><figure><img loading=\"lazy\" width=\"1170\" height=\"694\" src=\"https:\/\/www.opb.gob.mx\/portal\/wp-content\/uploads\/2026\/05\/9-3-1170x694.jpeg\" alt=\"\" data-id=\"30256\" data-full-url=\"https:\/\/www.opb.gob.mx\/portal\/wp-content\/uploads\/2026\/05\/9-3-scaled.jpeg\" data-link=\"https:\/\/www.opb.gob.mx\/portal\/?attachment_id=30256\" class=\"wp-image-30256\" srcset=\"https:\/\/www.opb.gob.mx\/portal\/wp-content\/uploads\/2026\/05\/9-3-1170x694.jpeg 1170w, https:\/\/www.opb.gob.mx\/portal\/wp-content\/uploads\/2026\/05\/9-3-768x456.jpeg 768w\" sizes=\"(max-width: 1170px) 100vw, 1170px\" \/><\/figure><\/li><\/ul><\/figure>\n","protected":false},"excerpt":{"rendered":"<p>En conferencia de prensa, el Ayuntamiento de Oth\u00f3n P. Blanco anunci\u00f3 la realizaci\u00f3n de la 7\u00aa edici\u00f3n de la Feria del Queso de Bola, como parte de las actividades conmemorativas por el 128 aniversario de la fundaci\u00f3n de Payo Obispo, hoy ciudad Chetumal, consolid\u00e1ndose como una de las celebraciones m\u00e1s representativas de la capital. El<\/p>\n","protected":false},"author":13,"featured_media":30239,"comment_status":"open","ping_status":"open","sticky":false,"template":"","format":"standard","meta":[],"categories":[27],"tags":[103,104],"_links":{"self":[{"href":"https:\/\/www.opb.gob.mx\/portal\/index.php?rest_route=\/wp\/v2\/posts\/30238"}],"collection":[{"href":"https:\/\/www.opb.gob.mx\/portal\/index.php?rest_route=\/wp\/v2\/posts"}],"about":[{"href":"https:\/\/www.opb.gob.mx\/portal\/index.php?rest_route=\/wp\/v2\/types\/post"}],"author":[{"embeddable":true,"href":"https:\/\/www.opb.gob.mx\/portal\/index.php?rest_route=\/wp\/v2\/users\/13"}],"replies":[{"embeddable":true,"href":"https:\/\/www.opb.gob.mx\/portal\/index.php?rest_route=%2Fwp%2Fv2%2Fcomments&post=30238"}],"version-history":[{"count":1,"href":"https:\/\/www.opb.gob.mx\/portal\/index.php?rest_route=\/wp\/v2\/posts\/30238\/revisions"}],"predecessor-version":[{"id":30257,"href":"https:\/\/www.opb.gob.mx\/portal\/index.php?rest_route=\/wp\/v2\/posts\/30238\/revisions\/30257"}],"wp:featuredmedia":[{"embeddable":true,"href":"https:\/\/www.opb.gob.mx\/portal\/index.php?rest_route=\/wp\/v2\/media\/30239"}],"wp:attachment":[{"href":"https:\/\/www.opb.gob.mx\/portal\/index.php?rest_route=%2Fwp%2Fv2%2Fmedia&parent=30238"}],"wp:term":[{"taxonomy":"category","embeddable":true,"href":"https:\/\/www.opb.gob.mx\/portal\/index.php?rest_route=%2Fwp%2Fv2%2Fcategories&post=30238"},{"taxonomy":"post_tag","embeddable":true,"href":"https:\/\/www.opb.gob.mx\/portal\/index.php?rest_route=%2Fwp%2Fv2%2Ftags&post=30238"}],"curies":[{"name":"wp","href":"https:\/\/api.w.org\/{rel}","templated":true}]}}