{"id":31284,"date":"2026-09-03T20:50:00","date_gmt":"2026-09-03T20:50:00","guid":{"rendered":"http:\/\/www.opb.gob.mx\/portal\/?p=31284"},"modified":"2026-09-04T17:38:54","modified_gmt":"2026-09-04T17:38:54","slug":"aprueba-cabildo-sede-para-el-segundo-informe-de-gobierno-de-yensunni-martinez","status":"publish","type":"post","link":"https:\/\/www.opb.gob.mx\/portal\/?p=31284","title":{"rendered":"Aprueba Cabildo sede para el Segundo Informe de Gobierno de Yensunni Mart\u00ednez."},"content":{"rendered":"\n<p>En sesi\u00f3n extraordinaria, el Cabildo de Oth\u00f3n P. Blanco aprob\u00f3 como Recinto Oficial el Teatro del parque \u201cL\u00e1zaro C\u00e1rdenas del R\u00edo\u201d, conocido como \u201cParque de la Alameda\u201d, como sede del Segundo Informe de la presidenta municipal, Yensunni Mart\u00ednez Hern\u00e1ndez.<\/p>\n\n\n\n<p>El acuerdo permitir\u00e1 que este espacio sea la sede de la D\u00e9cimo S\u00e9ptima Sesi\u00f3n Solemne de la Administraci\u00f3n Municipal 2024-2027, en la que la presidenta municipal rendir\u00e1 y entregar\u00e1 su Segundo Informe, correspondiente al estado que guarda la administraci\u00f3n p\u00fablica municipal.<\/p>\n\n\n\n<p>Con esta aprobaci\u00f3n, las regidoras y regidores establecieron formalmente el espacio en el que se llevar\u00e1 a cabo este ejercicio institucional de rendici\u00f3n de cuentas, mediante el cual se dar\u00e1n a conocer a la ciudadan\u00eda las acciones realizadas durante el periodo que comprende el informe.<\/p>\n\n\n\n<figure class=\"wp-block-image size-large\"><img loading=\"lazy\" width=\"1170\" height=\"694\" src=\"https:\/\/www.opb.gob.mx\/portal\/wp-content\/uploads\/2026\/09\/21e8c6b5-6a1d-4b2f-8681-dcd26d6f8e19-1170x694.jpeg\" alt=\"\" class=\"wp-image-31286\" srcset=\"https:\/\/www.opb.gob.mx\/portal\/wp-content\/uploads\/2026\/09\/21e8c6b5-6a1d-4b2f-8681-dcd26d6f8e19-1170x694.jpeg 1170w, https:\/\/www.opb.gob.mx\/portal\/wp-content\/uploads\/2026\/09\/21e8c6b5-6a1d-4b2f-8681-dcd26d6f8e19-768x456.jpeg 768w\" sizes=\"(max-width: 1170px) 100vw, 1170px\" \/><\/figure>\n","protected":false},"excerpt":{"rendered":"<p>En sesi\u00f3n extraordinaria, el Cabildo de Oth\u00f3n P. Blanco aprob\u00f3 como Recinto Oficial el Teatro del parque \u201cL\u00e1zaro C\u00e1rdenas del R\u00edo\u201d, conocido como \u201cParque de la Alameda\u201d, como sede del Segundo Informe de la presidenta municipal, Yensunni Mart\u00ednez Hern\u00e1ndez. El acuerdo permitir\u00e1 que este espacio sea la sede de la D\u00e9cimo S\u00e9ptima Sesi\u00f3n Solemne de<\/p>\n","protected":false},"author":13,"featured_media":31285,"comment_status":"open","ping_status":"open","sticky":false,"template":"","format":"standard","meta":[],"categories":[27],"tags":[],"_links":{"self":[{"href":"https:\/\/www.opb.gob.mx\/portal\/index.php?rest_route=\/wp\/v2\/posts\/31284"}],"collection":[{"href":"https:\/\/www.opb.gob.mx\/portal\/index.php?rest_route=\/wp\/v2\/posts"}],"about":[{"href":"https:\/\/www.opb.gob.mx\/portal\/index.php?rest_route=\/wp\/v2\/types\/post"}],"author":[{"embeddable":true,"href":"https:\/\/www.opb.gob.mx\/portal\/index.php?rest_route=\/wp\/v2\/users\/13"}],"replies":[{"embeddable":true,"href":"https:\/\/www.opb.gob.mx\/portal\/index.php?rest_route=%2Fwp%2Fv2%2Fcomments&post=31284"}],"version-history":[{"count":1,"href":"https:\/\/www.opb.gob.mx\/portal\/index.php?rest_route=\/wp\/v2\/posts\/31284\/revisions"}],"predecessor-version":[{"id":31287,"href":"https:\/\/www.opb.gob.mx\/portal\/index.php?rest_route=\/wp\/v2\/posts\/31284\/revisions\/31287"}],"wp:featuredmedia":[{"embeddable":true,"href":"https:\/\/www.opb.gob.mx\/portal\/index.php?rest_route=\/wp\/v2\/media\/31285"}],"wp:attachment":[{"href":"https:\/\/www.opb.gob.mx\/portal\/index.php?rest_route=%2Fwp%2Fv2%2Fmedia&parent=31284"}],"wp:term":[{"taxonomy":"category","embeddable":true,"href":"https:\/\/www.opb.gob.mx\/portal\/index.php?rest_route=%2Fwp%2Fv2%2Fcategories&post=31284"},{"taxonomy":"post_tag","embeddable":true,"href":"https:\/\/www.opb.gob.mx\/portal\/index.php?rest_route=%2Fwp%2Fv2%2Ftags&post=31284"}],"curies":[{"name":"wp","href":"https:\/\/api.w.org\/{rel}","templated":true}]}}